{"id":849667,"date":"2025-10-11T20:16:00","date_gmt":"2025-10-11T18:16:00","guid":{"rendered":"https:\/\/gradski.me\/?p=849667"},"modified":"2025-10-11T20:16:00","modified_gmt":"2025-10-11T18:16:00","slug":"nikic-bili-smo-i-ranije-u-teskim-situacijama-protiv-lihtenstajna-idemo-na-pobjedu","status":"publish","type":"post","link":"https:\/\/gradski.me\/en\/sport\/nikic-bili-smo-i-ranije-u-teskim-situacijama-protiv-lihtenstajna-idemo-na-pobjedu\/","title":{"rendered":"Niki\u0107: Bili smo i ranije u te\u0161kim situacijama, protiv Lihten\u0161tajna idemo na pobjedu"},"content":{"rendered":"<p>&#8222;Do\u017eivjeli smo debakl, te\u0161kih nekoliko dana je iza nas. Puno smo pri\u010dali nakon me\u010da, analizirali smo da vidimo gdje smo grije\u0161ili. Spremali smo se dugo za taj me\u010d, ali na\u017ealost primili smo golove na na\u010din na koji smo upozoreni da oni igraju&#8220;, kazao je na\u0161 golman na brifingu sa medijima.<\/p>\n\n\n\n<p>Ka\u017ee da i pored te\u0161kog poraza, vjeruje da ekipa ima kvalitet, te da moraju izvu\u0107i pouke iz svega ovoga.<\/p>\n\n\n\n<p>&#8222;Uticao je poraz puno na nas, jer vjerujemo da imamo potencijal. Nismo napravili nijednu \u0161ansu u Tor\u0161aunu, moramo da zapamtimo ovaj poraz, kako bi izvukli pouke. \u017delja je bila tu, uvijek se trudimo kad igramo za nacionalni tim, ali nismo bili koncentrisani kako treba&#8220;, poruka je \u010duvara mre\u017ee &#8222;sokola&#8220;.<\/p>\n\n\n\n<p>Napomenuo je da ekipa i u te\u0161kim trenucima mora da ostane ujedninjena.<\/p>\n\n\n\n<p>&#8222;Vidimo izlaz iz svega ovoga, moramo da se dr\u017eimo zajedno, bili smo i ranije u te\u0161kim situacijama. Moramo da radimo ja\u010de nego do sada i da slu\u0161amo savjete selektora&#8220;, istakao je Niki\u0107.<\/p>\n\n\n\n<p>U ponedjeljak na\u0161a selekcija igra prijateljski me\u010d sa Lihten\u0161tajnom.<\/p>\n\n\n\n<p>&#8222;Mo\u017eda je dobro \u0161to ve\u0107 tako brzo igramo sa Lihten\u0161tajnom, da damo sve od sebe i da pobijedimo taj me\u010d. Ne smijemo da ih potcijenimo, moramo da doka\u017eemo da na terenu da smo bolji&#8220;, kazao je Niki\u0107.<\/p>\n\n\n\n<p>Ka\u017ee da nije lak proces podmla\u0111ivanje selekcije.<\/p>\n\n\n\n<p>&#8222;U procesu smo podmla\u0111ivanja, trudimo se da se \u0161to prije uigramo, prona\u0111emo taktiku i stil igre koji nam odgovara&#8220;, zaklju\u010dio je golman Mirandesa. <\/p>","protected":false},"excerpt":{"rendered":"<p>Igor Niki\u0107, \u010duvar mre\u017ee crnogorske reprezentacije, kazao je da ekipi na Farskim Ostrvima nije nedostajalo \u017eelje, ali da nisu bili koncentrisani, \u0161to je rival znao da iskoristi.<\/p>","protected":false},"author":1,"featured_media":719966,"comment_status":"open","ping_status":"open","sticky":false,"template":"","format":"standard","meta":{"_acf_changed":false,"footnotes":"","jetpack_publicize_message":"","jetpack_publicize_feature_enabled":true,"jetpack_social_post_already_shared":false,"jetpack_social_options":{"image_generator_settings":{"template":"highway","default_image_id":0,"font":"","enabled":false},"version":2}},"categories":[15],"tags":[2234,1281,8364,9194],"naslovna":[],"class_list":["post-849667","post","type-post","status-publish","format-standard","has-post-thumbnail","hentry","category-sport","tag-igor-nikic","tag-muska-fudbalska-reprezentacija-crne-gore","tag-muska-fudbalska-reprezentacija-farskih-ostrva","tag-muska-fudbalska-reprezentacija-lihtenstajna"],"acf":[],"jetpack_publicize_connections":[],"_links":{"self":[{"href":"https:\/\/gradski.me\/en\/wp-json\/wp\/v2\/posts\/849667","targetHints":{"allow":["GET"]}}],"collection":[{"href":"https:\/\/gradski.me\/en\/wp-json\/wp\/v2\/posts"}],"about":[{"href":"https:\/\/gradski.me\/en\/wp-json\/wp\/v2\/types\/post"}],"author":[{"embeddable":true,"href":"https:\/\/gradski.me\/en\/wp-json\/wp\/v2\/users\/1"}],"replies":[{"embeddable":true,"href":"https:\/\/gradski.me\/en\/wp-json\/wp\/v2\/comments?post=849667"}],"version-history":[{"count":0,"href":"https:\/\/gradski.me\/en\/wp-json\/wp\/v2\/posts\/849667\/revisions"}],"wp:featuredmedia":[{"embeddable":true,"href":"https:\/\/gradski.me\/en\/wp-json\/wp\/v2\/media\/719966"}],"wp:attachment":[{"href":"https:\/\/gradski.me\/en\/wp-json\/wp\/v2\/media?parent=849667"}],"wp:term":[{"taxonomy":"category","embeddable":true,"href":"https:\/\/gradski.me\/en\/wp-json\/wp\/v2\/categories?post=849667"},{"taxonomy":"post_tag","embeddable":true,"href":"https:\/\/gradski.me\/en\/wp-json\/wp\/v2\/tags?post=849667"},{"taxonomy":"naslovna","embeddable":true,"href":"https:\/\/gradski.me\/en\/wp-json\/wp\/v2\/naslovna?post=849667"}],"curies":[{"name":"wp","href":"https:\/\/api.w.org\/{rel}","templated":true}]}}