{"id":849593,"date":"2025-10-11T18:33:00","date_gmt":"2025-10-11T16:33:00","guid":{"rendered":"https:\/\/gradski.me\/?p=849593"},"modified":"2025-10-11T18:33:00","modified_gmt":"2025-10-11T16:33:00","slug":"erakovic-pred-ljekarskom-komorom-zbog-odavanja-informacija-o-zdravstvenom-stanju-mitropolita-amfilohija","status":"publish","type":"post","link":"https:\/\/gradski.me\/en\/drustvo\/erakovic-pred-ljekarskom-komorom-zbog-odavanja-informacija-o-zdravstvenom-stanju-mitropolita-amfilohija\/","title":{"rendered":"Erakovi\u0107 pred Ljekarskom komorom zbog odavanja informacija o zdravstvenom stanju mitropolita Amfilohija"},"content":{"rendered":"<p><\/p>\n\n\n\n<p>Prema informacijama dostupnim portalu Press, Erakovi\u0107u bi se mogla staviti na teret povreda \u010clana 33 Kodeksa medicinske etike i deontologije, kojim se izri\u010dito propisuje da je sve \u0161to ljekar sazna o pacijentu prilikom obavljanja posla \u2013 profesionalna tajna. Taj \u010dlan obavezuje ljekara da \u010duva profesionalnu tajnu i nakon smrti pacijenta, osim u slu\u010dajevima kada bi njeno \u010duvanje ugrozilo \u017eivot i zdravlje drugih ljudi ili ako to nala\u017eu zakonski propisi.<\/p>\n\n\n\n<p>Ukoliko Sud \u010dasti Ljekarske komore utvrdi da je do\u0161lo do odavanja profesionalne tajne, Erakovi\u0107 bi mogao snositi disciplinsku odgovornost u skladu sa \u010clanovima 73\u201375 Statuta Komore, koji predvi\u0111aju mjere od javne opomene, preko nov\u010dane kazne, pa sve do privremenog oduzimanja licence za rad.<\/p>\n\n\n\n<p>O\u010dekuje se da \u0107e Komora kroz ovaj postupak zauzeti jasan stav o odgovornosti nosilaca najvi\u0161ih medicinskih funkcija i podsjetiti da profesionalna etika i za\u0161tita privatnosti pacijenata moraju biti iznad politi\u010dkih i li\u010dnih interesa, bez obzira na funkciju ili status ljekara.<\/p>","protected":false},"excerpt":{"rendered":"<p>Nakon \u0161to su mediji objavili da je tokom lije\u010denja pokojnog mitropolita Amfilohija Radovi\u0107a dio povjerljivih informacija o njegovom zdravstvenom stanju dospijevao van zidova Klini\u010dkog centra Crne Gore, nekada\u0161nji direktor te ustanove, a sada\u0161nji poslanik dr Jevto Erakovi\u0107, uskoro bi se mogao na\u0107i pred Sudom \u010dasti Ljekarske komore Crne Gore.<\/p>","protected":false},"author":1,"featured_media":392262,"comment_status":"open","ping_status":"open","sticky":false,"template":"","format":"standard","meta":{"_acf_changed":false,"footnotes":"","jetpack_publicize_message":"","jetpack_publicize_feature_enabled":true,"jetpack_social_post_already_shared":false,"jetpack_social_options":{"image_generator_settings":{"template":"highway","default_image_id":0,"font":"","enabled":false},"version":2}},"categories":[9],"tags":[510,8861],"naslovna":[],"class_list":["post-849593","post","type-post","status-publish","format-standard","has-post-thumbnail","hentry","category-drustvo","tag-jevto-erakovic","tag-mitropolit-amfilohije"],"acf":[],"jetpack_publicize_connections":[],"_links":{"self":[{"href":"https:\/\/gradski.me\/en\/wp-json\/wp\/v2\/posts\/849593","targetHints":{"allow":["GET"]}}],"collection":[{"href":"https:\/\/gradski.me\/en\/wp-json\/wp\/v2\/posts"}],"about":[{"href":"https:\/\/gradski.me\/en\/wp-json\/wp\/v2\/types\/post"}],"author":[{"embeddable":true,"href":"https:\/\/gradski.me\/en\/wp-json\/wp\/v2\/users\/1"}],"replies":[{"embeddable":true,"href":"https:\/\/gradski.me\/en\/wp-json\/wp\/v2\/comments?post=849593"}],"version-history":[{"count":0,"href":"https:\/\/gradski.me\/en\/wp-json\/wp\/v2\/posts\/849593\/revisions"}],"wp:featuredmedia":[{"embeddable":true,"href":"https:\/\/gradski.me\/en\/wp-json\/wp\/v2\/media\/392262"}],"wp:attachment":[{"href":"https:\/\/gradski.me\/en\/wp-json\/wp\/v2\/media?parent=849593"}],"wp:term":[{"taxonomy":"category","embeddable":true,"href":"https:\/\/gradski.me\/en\/wp-json\/wp\/v2\/categories?post=849593"},{"taxonomy":"post_tag","embeddable":true,"href":"https:\/\/gradski.me\/en\/wp-json\/wp\/v2\/tags?post=849593"},{"taxonomy":"naslovna","embeddable":true,"href":"https:\/\/gradski.me\/en\/wp-json\/wp\/v2\/naslovna?post=849593"}],"curies":[{"name":"wp","href":"https:\/\/api.w.org\/{rel}","templated":true}]}}