{"id":849412,"date":"2025-10-11T13:33:00","date_gmt":"2025-10-11T11:33:00","guid":{"rendered":"https:\/\/gradski.me\/?p=849412"},"modified":"2025-10-11T13:33:00","modified_gmt":"2025-10-11T11:33:00","slug":"ivan-pavicevic-i-milos-raznatovic-dijele-pravdu-na-evropskom-prvenstvu-za-rukometase","status":"publish","type":"post","link":"https:\/\/gradski.me\/en\/sport\/ivan-pavicevic-i-milos-raznatovic-dijele-pravdu-na-evropskom-prvenstvu-za-rukometase\/","title":{"rendered":"Ivan Pavi\u0107evi\u0107 i Milo\u0161 Ra\u017enatovi\u0107 dijele pravdu na Evropskom prvenstvu za rukometa\u0161e"},"content":{"rendered":"<p>Bi\u0107e to njihovo 13. veliko me\u0111unarodno takmi\u010denje.<\/p>\n\n\n\n<p>Cetinjani su na prethodnom EHF Euru sudili utakmicu za bronzu, gdje je \u0160vedska savladala Njema\u010dku 34:31.<\/p>\n\n\n\n<p>Pavi\u0107evi\u0107 i Ra\u017enatovi\u0107 su me\u0111u 18 parova izabranih za prvenstvo koje se odr\u017eava od 15. januara do 1. februara naredne godine.<\/p>\n\n\n\n<p>Od 18 parova pet dolazi iz biv\u0161e Jugoslavije &#8211; Slave Nikolov i \u0110or\u0111o Na\u010devski, odnosno Dimitar Mitrevski i Blagoj\u010de Todorovski \u0107e predstavljati Sjevernu Makedoniju, bra\u0107a Amar i Dino Konji\u010danin Bosnu i Hercegovinu, a Sloveniju Bojan Lah i David Sok.<\/p>\n\n\n\n<p>Osim Sjeverne Makedonije, dva para \u0107e imati jo\u0161 samo \u0160panija &#8211; Havijera Alvaresa i \u0110ona Bustamantea, odnosno Andreua Marina i Ignasija Garsiju.<\/p>\n\n\n\n<p><\/p>","protected":false},"excerpt":{"rendered":"<p>Crnogorski studijski par Ivan Pavi\u0107evi\u0107 i Milo\u0161 Ra\u017enatovi\u0107 dijeli\u0107e pravdu na Evropskom prvenstvu za rukometa\u0161e koje \u0107e po\u010detkom naredne godine u Danskoj, \u0160vedskoj i Norve\u0161koj, saop\u0161teno je iz Rukometnog saveza.<\/p>","protected":false},"author":1,"featured_media":849415,"comment_status":"open","ping_status":"open","sticky":false,"template":"","format":"standard","meta":{"_acf_changed":false,"footnotes":"","jetpack_publicize_message":"","jetpack_publicize_feature_enabled":true,"jetpack_social_post_already_shared":false,"jetpack_social_options":{"image_generator_settings":{"template":"highway","default_image_id":0,"font":"","enabled":false},"version":2}},"categories":[15],"tags":[9153,9154,9155],"naslovna":[],"class_list":["post-849412","post","type-post","status-publish","format-standard","has-post-thumbnail","hentry","category-sport","tag-evropsko-prvenstvo-za-rukometase","tag-ivan-pavicevic","tag-milos-raznatovic"],"acf":[],"jetpack_publicize_connections":[],"_links":{"self":[{"href":"https:\/\/gradski.me\/en\/wp-json\/wp\/v2\/posts\/849412","targetHints":{"allow":["GET"]}}],"collection":[{"href":"https:\/\/gradski.me\/en\/wp-json\/wp\/v2\/posts"}],"about":[{"href":"https:\/\/gradski.me\/en\/wp-json\/wp\/v2\/types\/post"}],"author":[{"embeddable":true,"href":"https:\/\/gradski.me\/en\/wp-json\/wp\/v2\/users\/1"}],"replies":[{"embeddable":true,"href":"https:\/\/gradski.me\/en\/wp-json\/wp\/v2\/comments?post=849412"}],"version-history":[{"count":0,"href":"https:\/\/gradski.me\/en\/wp-json\/wp\/v2\/posts\/849412\/revisions"}],"wp:featuredmedia":[{"embeddable":true,"href":"https:\/\/gradski.me\/en\/wp-json\/wp\/v2\/media\/849415"}],"wp:attachment":[{"href":"https:\/\/gradski.me\/en\/wp-json\/wp\/v2\/media?parent=849412"}],"wp:term":[{"taxonomy":"category","embeddable":true,"href":"https:\/\/gradski.me\/en\/wp-json\/wp\/v2\/categories?post=849412"},{"taxonomy":"post_tag","embeddable":true,"href":"https:\/\/gradski.me\/en\/wp-json\/wp\/v2\/tags?post=849412"},{"taxonomy":"naslovna","embeddable":true,"href":"https:\/\/gradski.me\/en\/wp-json\/wp\/v2\/naslovna?post=849412"}],"curies":[{"name":"wp","href":"https:\/\/api.w.org\/{rel}","templated":true}]}}