{"id":849371,"date":"2025-10-11T11:45:00","date_gmt":"2025-10-11T09:45:00","guid":{"rendered":"https:\/\/gradski.me\/?p=849371"},"modified":"2025-10-11T11:45:00","modified_gmt":"2025-10-11T09:45:00","slug":"andric-sad-kad-institucije-rade-svoj-posao-sukovicu-smeta-sve-pa-i-ambasadorka-sad","status":"publish","type":"post","link":"https:\/\/gradski.me\/en\/drustvo\/andric-sad-kad-institucije-rade-svoj-posao-sukovicu-smeta-sve-pa-i-ambasadorka-sad\/","title":{"rendered":"Andri\u0107: Sad kad institucije rade svoj posao, \u0160ukovi\u0107u smeta sve, pa i ambasadorka SAD"},"content":{"rendered":"<p><\/p>\n\n\n\n<p><\/p>\n\n\n\n<p>&#8222;Kao poslanica gra\u0111anske, proevropske i prozapadne stranke, koja vjeruje u va\u017enost savezni\u010dkih i partnerskih odnosa Crne Gore sa SAD i zemljama Kvinte, \u017eelim jasno da poru\u010dim da su ovo direktni napadi na vrijednosti koje ba\u0161tini moderna, demokratska i evropska Crna Gora&#8220;, kazala je Andri\u0107.<\/p>\n\n\n\n<p>Kako navodi, diplomate, a naro\u010dito ambasadorke dr\u017eava koje su, kako dodaje, bile i ostale na\u0161i najbli\u017ei saveznici, zaslu\u017euju po\u0161tovanje, dijalog i argumentovanu razmjenu mi\u0161ljenja \u2014 a ne uvrede i poku\u0161aje li\u010dnih diskvalifikacija. <\/p>\n\n\n\n<p>&#8222;Posve\u0107enost ambasadorke Rajzing Rajnke ja\u010danju odnosa Crne Gore i SAD, njena zainteresovanost i \u017eelja da pru\u017ei podr\u0161ku demokratskim procesima u na\u0161oj dr\u017eavi, kao i pomo\u0107 koju SAD kontinuirano pru\u017eaju Crnoj Gori, zaslu\u017euje zahvalnost i po\u0161tovanje&#8220;, isti\u010de Andri\u0107.<\/p>\n\n\n\n<p>&#8222;Na\u017ealost, ovaj napad ima i predznak mizoginije, po tonu, sadr\u017eaju i na\u010dinu na koji je saop\u0161ten. To je navika kojoj se moramo suprotstaviti \u2013 posebno ako \u017eelimo da gradimo dru\u0161tvo u kojem se po\u0161tuju \u017eene i njeguje kultura dijaloga. Crna Gora ostaje fokusirana na saradnju sa svojim evroatlantskim partnerima, na\u0161im zajedni\u010dkim vrijednostima i me\u0111usobnom po\u0161tovanju. Iako razumijem stepen nervoze i bezna\u0111a u kom su se na\u0161li svi oni koji su obuhva\u0107eni akcijom SDT-a, kao i mnogi sateliti u toj orbiti, veoma je va\u017eno da se uzdr\u017ee od ovakvih napada jer Crna Gora ne \u017eeli vi\u0161e da stagnira, niti da bude \u017ertva li\u010dnih, bezobzirnih interesa i apetita pojedinaca, koji su joj dali malo, a uzeli mnogo&#8220;, zaklju\u010duje.<\/p>\n\n\n\n<p><\/p>","protected":false},"excerpt":{"rendered":"<p>Izjava urednika Antene M Darka \u0160ukovi\u0107a, upu\u0107ena ameri\u010dkoj ambasadorki D\u017eudi Rajzing Rajnke, u kojoj je naziva \u201esramotom za svoju zemlju i za nju li\u010dno&#8220;, u potpunosti je li\u0161ena dostojanstva, obzira i politi\u010dke kulture. I silazi duboko ispod nivoa pristojnosti i kulture javnog dijaloga, napisala je u Fejzbuk objavi predsjednica Odbora za rodnu ravnopravnost Skup\u0161tine Crne Gore Jelenka Andri\u0107.<\/p>","protected":false},"author":1,"featured_media":791271,"comment_status":"open","ping_status":"open","sticky":false,"template":"","format":"standard","meta":{"_acf_changed":false,"footnotes":"","jetpack_publicize_message":"","jetpack_publicize_feature_enabled":true,"jetpack_social_post_already_shared":false,"jetpack_social_options":{"image_generator_settings":{"template":"highway","default_image_id":0,"font":"","enabled":false},"version":2}},"categories":[9],"tags":[9138,5862,9151],"naslovna":[],"class_list":["post-849371","post","type-post","status-publish","format-standard","has-post-thumbnail","hentry","category-drustvo","tag-darko-sukovic","tag-jelenka-andric","tag-odbor-za-rodnu-ravnopravnost"],"acf":[],"jetpack_publicize_connections":[],"_links":{"self":[{"href":"https:\/\/gradski.me\/en\/wp-json\/wp\/v2\/posts\/849371","targetHints":{"allow":["GET"]}}],"collection":[{"href":"https:\/\/gradski.me\/en\/wp-json\/wp\/v2\/posts"}],"about":[{"href":"https:\/\/gradski.me\/en\/wp-json\/wp\/v2\/types\/post"}],"author":[{"embeddable":true,"href":"https:\/\/gradski.me\/en\/wp-json\/wp\/v2\/users\/1"}],"replies":[{"embeddable":true,"href":"https:\/\/gradski.me\/en\/wp-json\/wp\/v2\/comments?post=849371"}],"version-history":[{"count":0,"href":"https:\/\/gradski.me\/en\/wp-json\/wp\/v2\/posts\/849371\/revisions"}],"wp:featuredmedia":[{"embeddable":true,"href":"https:\/\/gradski.me\/en\/wp-json\/wp\/v2\/media\/791271"}],"wp:attachment":[{"href":"https:\/\/gradski.me\/en\/wp-json\/wp\/v2\/media?parent=849371"}],"wp:term":[{"taxonomy":"category","embeddable":true,"href":"https:\/\/gradski.me\/en\/wp-json\/wp\/v2\/categories?post=849371"},{"taxonomy":"post_tag","embeddable":true,"href":"https:\/\/gradski.me\/en\/wp-json\/wp\/v2\/tags?post=849371"},{"taxonomy":"naslovna","embeddable":true,"href":"https:\/\/gradski.me\/en\/wp-json\/wp\/v2\/naslovna?post=849371"}],"curies":[{"name":"wp","href":"https:\/\/api.w.org\/{rel}","templated":true}]}}