{"id":849336,"date":"2025-10-11T10:48:13","date_gmt":"2025-10-11T08:48:13","guid":{"rendered":"https:\/\/gradski.me\/?p=849336"},"modified":"2025-10-11T10:48:13","modified_gmt":"2025-10-11T08:48:13","slug":"sindikat-sudstva-nije-bilo-fizickog-obracuna-u-osnovnom-sudu-incident-pogresno-predstavljen-u-medijima","status":"publish","type":"post","link":"https:\/\/gradski.me\/en\/hronika\/sindikat-sudstva-nije-bilo-fizickog-obracuna-u-osnovnom-sudu-incident-pogresno-predstavljen-u-medijima\/","title":{"rendered":"Sindikat sudstva: Nije bilo fizi\u010dkog obra\u010duna u Osnovnom sudu, incident pogre\u0161no predstavljen u medijima"},"content":{"rendered":"<p><\/p>\n\n\n\n<p>Sindikat sudstva demantovao je navode o incidentu u Osnovnom sudu u Podgorici.<\/p>\n\n\n\n<p>Povodom objava koje su se pojavile u medijima u vezi sa incidentom u Osnovnom sudu u Podgorici, iz Sindikata sudstva isti\u010du da je doga\u0111aj pogre\u0161no predstavljen u svim medijima.<\/p>\n\n\n\n<p>U saop\u0161tenju Sindikata sudstva koji potpisuje predsjednik Dejan \u0110uki\u0107 navodi se da je 10.10.2025.godine u svim sudovima u Crnoj Gori, kao i Osnovnom sudu bio u toku \u0161trajk upozorenja u trajanju od 11.00h do 12.00h o \u010demu su&nbsp;korisnici suda bili pravovremeno obavije\u0161teni, kako putem medija, tako i putem pisanih obavje\u0161tenja istaknutih na ulazu u zgradu, a tokom trajanja \u0161trajka upozorenja, ulazak u prostorije suda nije bio dozvoljen.<\/p>\n\n\n\n<p>&#8222;Uprkos tome, advokat Damir Leki\u0107 je i pored vidnog upozorenja i usmenog obja\u0161njenja \u010dlanova \u0161trajka\u010dkog odbora \u017deljka Radulovi\u0107a i Nikole Berila\u017ea, poku\u0161ao nasilno da udje u prostorije suda, pri \u010demu je rekao istom \u201cSkoni se, ko si ti\u201d, pri \u010demu je isti zaustavljen od strane \u010dlana \u0161trajka\u010dkog odbora \u017deljka Radulovi\u0107a. Dakle, nije rije\u010d o medjusobnom fizi\u010dkom obra\u010dunu, ve\u0107 o incidentu izazvanom nepo\u0161tovanjem \u0161trajka i pravila koja su tada bila na snazi&#8220;, isti\u010de se u saop\u0161tenju.<\/p>\n\n\n\n<p>Prema njegovim rije\u010dima, va\u017eno je napomenuti da u ovom momentu dok se bore za svoja prava i bolji standard svih u sudskoj administraciji, koji je, kako se navodi, ispod svih standarda, da im je potrebna podr\u0161ka advokata da bi se ostvarili njihove zahtjeve i od njih o\u010dekuju da imaju najvi\u0161e razumijevanja.<\/p>\n\n\n\n<p>&#8222;\u0160trajka\u010dki odbor osu\u0111uje svaki oblik nasilja, ali isti\u010de da se mora po\u0161tovati pravo zaposlenih na \u0161trajk i obustavu rada u skladu sa zakonom. Molimo gradjane na razumijevanje&#8220;, poru\u010duje se u saop\u0161tenju.<\/p>\n\n\n\n<p><\/p>\n\n\n\n<p><\/p>","protected":false},"excerpt":{"rendered":"<p>Sindikat sudstva Crne Gore saop\u0161tio je da je incident koji se dogodio tokom \u0161trajka upozorenja u Osnovnom sudu u Podgorici 10. oktobra pogre\u0161no predstavljen u medijima, isti\u010du\u0107i da je rije\u010d o nepo\u0161tovanju \u0161trajka\u010dkih pravila, a ne o fizi\u010dkom obra\u010dunu.<\/p>","protected":false},"author":1,"featured_media":636115,"comment_status":"open","ping_status":"open","sticky":false,"template":"","format":"standard","meta":{"_acf_changed":false,"footnotes":"","jetpack_publicize_message":"","jetpack_publicize_feature_enabled":true,"jetpack_social_post_already_shared":false,"jetpack_social_options":{"image_generator_settings":{"template":"highway","default_image_id":0,"font":"","enabled":false},"version":2}},"categories":[10],"tags":[8535,3283,8113],"naslovna":[],"class_list":["post-849336","post","type-post","status-publish","format-standard","has-post-thumbnail","hentry","category-hronika","tag-dejan-djukic","tag-demant","tag-sindikat-sudstva"],"acf":[],"jetpack_publicize_connections":[],"_links":{"self":[{"href":"https:\/\/gradski.me\/en\/wp-json\/wp\/v2\/posts\/849336","targetHints":{"allow":["GET"]}}],"collection":[{"href":"https:\/\/gradski.me\/en\/wp-json\/wp\/v2\/posts"}],"about":[{"href":"https:\/\/gradski.me\/en\/wp-json\/wp\/v2\/types\/post"}],"author":[{"embeddable":true,"href":"https:\/\/gradski.me\/en\/wp-json\/wp\/v2\/users\/1"}],"replies":[{"embeddable":true,"href":"https:\/\/gradski.me\/en\/wp-json\/wp\/v2\/comments?post=849336"}],"version-history":[{"count":0,"href":"https:\/\/gradski.me\/en\/wp-json\/wp\/v2\/posts\/849336\/revisions"}],"wp:featuredmedia":[{"embeddable":true,"href":"https:\/\/gradski.me\/en\/wp-json\/wp\/v2\/media\/636115"}],"wp:attachment":[{"href":"https:\/\/gradski.me\/en\/wp-json\/wp\/v2\/media?parent=849336"}],"wp:term":[{"taxonomy":"category","embeddable":true,"href":"https:\/\/gradski.me\/en\/wp-json\/wp\/v2\/categories?post=849336"},{"taxonomy":"post_tag","embeddable":true,"href":"https:\/\/gradski.me\/en\/wp-json\/wp\/v2\/tags?post=849336"},{"taxonomy":"naslovna","embeddable":true,"href":"https:\/\/gradski.me\/en\/wp-json\/wp\/v2\/naslovna?post=849336"}],"curies":[{"name":"wp","href":"https:\/\/api.w.org\/{rel}","templated":true}]}}