{"id":849139,"date":"2025-10-10T22:14:00","date_gmt":"2025-10-10T20:14:00","guid":{"rendered":"https:\/\/gradski.me\/?p=849139"},"modified":"2025-10-10T22:14:00","modified_gmt":"2025-10-10T20:14:00","slug":"jakic-nijesam-vrsio-pritisak-pravo-svakog-politicara-da-se-interesuje-za-birace","status":"publish","type":"post","link":"https:\/\/gradski.me\/en\/politika\/jakic-nijesam-vrsio-pritisak-pravo-svakog-politicara-da-se-interesuje-za-birace\/","title":{"rendered":"Jaki\u0107: Nijesam vr\u0161io pritisak, pravo svakog politi\u010dara da se interesuje za bira\u010de"},"content":{"rendered":"<p>Jaki\u0107 ka\u017ee da je pravo svakog politi\u010dara da se interesuje za svoje bira\u010de, ali negira da je vr\u0161io bilo kakav pritisak. Njegov partijski kolega Ivan Vukovi\u0107 izvinio se zbog poruka koje se vezuju za njegovo ime.<\/p>\n\n\n\n<p>U Naredbi o sprovo\u0111enju istrage, Specijalno dr\u017eavno tu\u017eila\u0161tvo tvrdi da je biznismen Aleksandar Mijajlovi\u0107 s predsjednikom op\u0161tine \u0160avnik Jugoslavom Jaki\u0107em dogovarao da zaposleni u Bemaxu i Genexu iza\u0111u na izbore i podr\u017ee DPS.<\/p>\n\n\n\n<p>Komentari\u0161u\u0107i navode tu\u017eila\u0161tva, Jaki\u0107 ne spori da se interesovao za pojedine bira\u010de, ali ka\u017ee da ne postoji politi\u010dar u Crnoj Gori koji to ne radi.<\/p>\n\n\n\n<p>\u201cNeka prvi baci kamen onaj ko to ne radi u Crnoj Gori. To je jedna poruka, a druga poruka je da je mnogo interesantnijih stvari bilo i za tu\u017eila\u0161tvo i za policiju i tabloide u Crnoj Gori. Nemamo hap\u0161enja niti privo\u0111enja za sve ono \u0161to se de\u0161avalo u \u0160avniku. Ja sam tu, na raspolaganju sam dr\u017eavnim organima da odgovorim na sva pitanja koja njih interesuju. A ne da oni dostavljaju na\u0161e prepiske tabloidima\u201d, kazao je Jaki\u0107.<\/p>\n\n\n\n<p>Osim sa Jaki\u0107em, Mijajlovi\u0107 je, kako tvrde u tu\u017eila\u0161tvu, sli\u010dne poruke razmjenjivao i s biv\u0161im ministrom odbrane&nbsp;<strong>Predragom Bo\u0161kovi\u0107em<\/strong>&nbsp;koji je uo\u010di parlamentarnih izbora 2020. bio koordinator za Berane.<\/p>","protected":false},"excerpt":{"rendered":"<p>Nastavljaju se aktivnosti tu\u017eila\u0161tva u predmetu protiv navodne kriminalne organizacije koju je, kako se sumnja, formirao Aleksandar Mijajlovi\u0107. U tu\u017eila\u010dkoj dokumentaciji na\u0161ao se i predsjednik op\u0161tine \u0160avnik Jugoslav Jaki\u0107 koji je, prema tvrdnjama tu\u017eila\u0161tva, s Mijajlovi\u0107em dogovarao da odre\u0111ene osobe glasaju za DPS.<\/p>","protected":false},"author":1,"featured_media":627018,"comment_status":"open","ping_status":"open","sticky":false,"template":"","format":"standard","meta":{"_acf_changed":false,"footnotes":"","jetpack_publicize_message":"","jetpack_publicize_feature_enabled":true,"jetpack_social_post_already_shared":false,"jetpack_social_options":{"image_generator_settings":{"template":"highway","default_image_id":0,"font":"","enabled":false},"version":2}},"categories":[7],"tags":[88,535,260],"naslovna":[],"class_list":["post-849139","post","type-post","status-publish","format-standard","has-post-thumbnail","hentry","category-politika","tag-dps","tag-jugoslav-jakic","tag-savnik"],"acf":[],"jetpack_publicize_connections":[],"_links":{"self":[{"href":"https:\/\/gradski.me\/en\/wp-json\/wp\/v2\/posts\/849139","targetHints":{"allow":["GET"]}}],"collection":[{"href":"https:\/\/gradski.me\/en\/wp-json\/wp\/v2\/posts"}],"about":[{"href":"https:\/\/gradski.me\/en\/wp-json\/wp\/v2\/types\/post"}],"author":[{"embeddable":true,"href":"https:\/\/gradski.me\/en\/wp-json\/wp\/v2\/users\/1"}],"replies":[{"embeddable":true,"href":"https:\/\/gradski.me\/en\/wp-json\/wp\/v2\/comments?post=849139"}],"version-history":[{"count":0,"href":"https:\/\/gradski.me\/en\/wp-json\/wp\/v2\/posts\/849139\/revisions"}],"wp:featuredmedia":[{"embeddable":true,"href":"https:\/\/gradski.me\/en\/wp-json\/wp\/v2\/media\/627018"}],"wp:attachment":[{"href":"https:\/\/gradski.me\/en\/wp-json\/wp\/v2\/media?parent=849139"}],"wp:term":[{"taxonomy":"category","embeddable":true,"href":"https:\/\/gradski.me\/en\/wp-json\/wp\/v2\/categories?post=849139"},{"taxonomy":"post_tag","embeddable":true,"href":"https:\/\/gradski.me\/en\/wp-json\/wp\/v2\/tags?post=849139"},{"taxonomy":"naslovna","embeddable":true,"href":"https:\/\/gradski.me\/en\/wp-json\/wp\/v2\/naslovna?post=849139"}],"curies":[{"name":"wp","href":"https:\/\/api.w.org\/{rel}","templated":true}]}}