{"id":848857,"date":"2025-10-10T14:30:00","date_gmt":"2025-10-10T12:30:00","guid":{"rendered":"https:\/\/gradski.me\/?p=848857"},"modified":"2025-10-10T14:30:00","modified_gmt":"2025-10-10T12:30:00","slug":"maric-podnio-ostavku-damjanovic-novi-trener-paraolimpijskog-komiteta-crne-gore","status":"publish","type":"post","link":"https:\/\/gradski.me\/en\/sport\/maric-podnio-ostavku-damjanovic-novi-trener-paraolimpijskog-komiteta-crne-gore\/","title":{"rendered":"Mari\u0107 podnio ostavku, Damjanovi\u0107 novi trener Paraolimpijskog komiteta Crne Gore"},"content":{"rendered":"<p>Mari\u0107 je krajem sedmice objavio da se povla\u010di sa kormila reprezentacije.<\/p>\n\n\n\n<p>On je za trenera crnogorskog stonoteniskog tima imenovan 10. januara 2023. godine.<\/p>\n\n\n\n<p>Sa njim na klupi Filip Radovi\u0107 je bio finalista Evropskog prvenstva u \u0160efildu i osvaja\u010d bronzane medalje na Paraolimpijskim igrama u Parizu.<\/p>\n\n\n\n<p>Paraolimpijski komitet zahvaljuje se Mari\u0107u na profesionalnom anga\u017eovanju i \u017eeli mu puno uspjeha u daljem radu.<\/p>\n\n\n\n<p>UO je za novog trenera imenovao \u010cedomira Damjanovi\u0107a, kojem \u0107e asistirati Dejan Ba\u0161anovi\u0107.<\/p>\n\n\n\n<p>Damjanovi\u0107 i Ba\u0161anovi\u0107 predvodi\u0107e Radovi\u0107a i Luku Baki\u0107a na Evropskom prvenstvu, koje \u0107e od 20. do 25. novembra biti odr\u017eano u \u0161vedskom Helsingborgu.<\/p>\n\n\n\n<p>Damjanovi\u0107 je dugogodi\u0161nji igra\u010d i trener Lov\u0107ena, kod kojeg je Radovi\u0107 i napravio prve stonoteniske korake.<\/p>\n\n\n\n<p>Posljednjih desetak godina trener je podgori\u010dkog stonoteniskog kluba osoba sa invaliditetom Lu\u010da.<\/p>\n\n\n\n<p>Ba\u0161anovi\u0107 je nosilac bronzanog evropskog odli\u010dja, koje je u timu sa Radovi\u0107em i Baki\u0107em osvojio 2019. godine u Helsingborgu.<\/p>","protected":false},"excerpt":{"rendered":"<p>Upravni odbor Paraolimpijskog komiteta usvojio je danas ostavku trenera parastonoteniske reprezentacije Vladimira Mari\u0107a.<\/p>","protected":false},"author":1,"featured_media":848860,"comment_status":"open","ping_status":"open","sticky":false,"template":"","format":"standard","meta":{"_acf_changed":false,"footnotes":"","jetpack_publicize_message":"","jetpack_publicize_feature_enabled":true,"jetpack_social_post_already_shared":false,"jetpack_social_options":{"image_generator_settings":{"template":"highway","default_image_id":0,"font":"","enabled":false},"version":2}},"categories":[15],"tags":[188,1454],"naslovna":[],"class_list":["post-848857","post","type-post","status-publish","format-standard","has-post-thumbnail","hentry","category-sport","tag-crna-gora","tag-paraolimpijski-komitet"],"acf":[],"jetpack_publicize_connections":[],"_links":{"self":[{"href":"https:\/\/gradski.me\/en\/wp-json\/wp\/v2\/posts\/848857","targetHints":{"allow":["GET"]}}],"collection":[{"href":"https:\/\/gradski.me\/en\/wp-json\/wp\/v2\/posts"}],"about":[{"href":"https:\/\/gradski.me\/en\/wp-json\/wp\/v2\/types\/post"}],"author":[{"embeddable":true,"href":"https:\/\/gradski.me\/en\/wp-json\/wp\/v2\/users\/1"}],"replies":[{"embeddable":true,"href":"https:\/\/gradski.me\/en\/wp-json\/wp\/v2\/comments?post=848857"}],"version-history":[{"count":0,"href":"https:\/\/gradski.me\/en\/wp-json\/wp\/v2\/posts\/848857\/revisions"}],"wp:featuredmedia":[{"embeddable":true,"href":"https:\/\/gradski.me\/en\/wp-json\/wp\/v2\/media\/848860"}],"wp:attachment":[{"href":"https:\/\/gradski.me\/en\/wp-json\/wp\/v2\/media?parent=848857"}],"wp:term":[{"taxonomy":"category","embeddable":true,"href":"https:\/\/gradski.me\/en\/wp-json\/wp\/v2\/categories?post=848857"},{"taxonomy":"post_tag","embeddable":true,"href":"https:\/\/gradski.me\/en\/wp-json\/wp\/v2\/tags?post=848857"},{"taxonomy":"naslovna","embeddable":true,"href":"https:\/\/gradski.me\/en\/wp-json\/wp\/v2\/naslovna?post=848857"}],"curies":[{"name":"wp","href":"https:\/\/api.w.org\/{rel}","templated":true}]}}