{"id":848846,"date":"2025-10-10T13:16:15","date_gmt":"2025-10-10T11:16:15","guid":{"rendered":"https:\/\/gradski.me\/?p=848846"},"modified":"2025-10-10T13:16:15","modified_gmt":"2025-10-10T11:16:15","slug":"muk-isti-oni-koji-su-od-grafita-anonimnih-autora-sirili-histeriju-sada-cute","status":"publish","type":"post","link":"https:\/\/gradski.me\/en\/politika\/muk-isti-oni-koji-su-od-grafita-anonimnih-autora-sirili-histeriju-sada-cute\/","title":{"rendered":"Muk: Isti oni koji su od grafita anonimnih autora \u0161irili histeriju, sada \u0107ute"},"content":{"rendered":"<p>&#8222;Zanimljivo je kako isti oni koji su od grafita anonimnih autora \u0161irili histeriju, sada \u0107ute o mnogo ozbiljnijim navodima&#8220;, napisala je Muk na dru\u0161tvenoj mre\u017ei &#8222;X&#8220;.<\/p>\n\n\n\n<p>Kako ka\u017ee, pristrasnost je jaka.<\/p>\n\n\n\n<p>&#8222;Nadam se da nije i jo\u0161 pone\u0161to&#8220;, zaklju\u010dila je Muk.<\/p>\n\n\n\n<p><\/p>","protected":false},"excerpt":{"rendered":"<p>Istra\u017eiva\u010dica u Institutu Alternativa, povodom objavljenih prepiski koje su objedoanjene prethodnih dana, kazala je da je zanimljivo kako oni koji su zbog grafita \u0161irili histeriju, sada \u0107ute.<\/p>","protected":false},"author":1,"featured_media":848851,"comment_status":"open","ping_status":"open","sticky":false,"template":"","format":"standard","meta":{"_acf_changed":false,"footnotes":"","jetpack_publicize_message":"","jetpack_publicize_feature_enabled":true,"jetpack_social_post_already_shared":false,"jetpack_social_options":{"image_generator_settings":{"template":"highway","default_image_id":0,"font":"","enabled":false},"version":2}},"categories":[7],"tags":[8875,7894],"naslovna":[],"class_list":["post-848846","post","type-post","status-publish","format-standard","has-post-thumbnail","hentry","category-politika","tag-grafiti","tag-milena-muk"],"acf":[],"jetpack_publicize_connections":[],"_links":{"self":[{"href":"https:\/\/gradski.me\/en\/wp-json\/wp\/v2\/posts\/848846","targetHints":{"allow":["GET"]}}],"collection":[{"href":"https:\/\/gradski.me\/en\/wp-json\/wp\/v2\/posts"}],"about":[{"href":"https:\/\/gradski.me\/en\/wp-json\/wp\/v2\/types\/post"}],"author":[{"embeddable":true,"href":"https:\/\/gradski.me\/en\/wp-json\/wp\/v2\/users\/1"}],"replies":[{"embeddable":true,"href":"https:\/\/gradski.me\/en\/wp-json\/wp\/v2\/comments?post=848846"}],"version-history":[{"count":0,"href":"https:\/\/gradski.me\/en\/wp-json\/wp\/v2\/posts\/848846\/revisions"}],"wp:featuredmedia":[{"embeddable":true,"href":"https:\/\/gradski.me\/en\/wp-json\/wp\/v2\/media\/848851"}],"wp:attachment":[{"href":"https:\/\/gradski.me\/en\/wp-json\/wp\/v2\/media?parent=848846"}],"wp:term":[{"taxonomy":"category","embeddable":true,"href":"https:\/\/gradski.me\/en\/wp-json\/wp\/v2\/categories?post=848846"},{"taxonomy":"post_tag","embeddable":true,"href":"https:\/\/gradski.me\/en\/wp-json\/wp\/v2\/tags?post=848846"},{"taxonomy":"naslovna","embeddable":true,"href":"https:\/\/gradski.me\/en\/wp-json\/wp\/v2\/naslovna?post=848846"}],"curies":[{"name":"wp","href":"https:\/\/api.w.org\/{rel}","templated":true}]}}