{"id":848641,"date":"2025-10-09T23:03:00","date_gmt":"2025-10-09T21:03:00","guid":{"rendered":"https:\/\/gradski.me\/?p=848641"},"modified":"2025-10-09T23:03:00","modified_gmt":"2025-10-09T21:03:00","slug":"vucinic-preuzimam-krivicu-za-poraz-neki-igraci-misle-da-su-majstori-a-majstori-trce-i-ginu-na-terenu","status":"publish","type":"post","link":"https:\/\/gradski.me\/en\/sport\/vucinic-preuzimam-krivicu-za-poraz-neki-igraci-misle-da-su-majstori-a-majstori-trce-i-ginu-na-terenu\/","title":{"rendered":"Vu\u010dini\u0107: Preuzimam krivicu za poraz, neki igra\u010di misle da su majstori, ali majstori tr\u010de i ginu na terenu"},"content":{"rendered":"<p>Vi\u0161e od samog poraza brine bezidejna igra &#8222;sokola&#8220; u Tor\u0161avnu. <\/p>\n\n\n\n<p>&#8222;Sigurno da ne\u0107u prvu utakmicu pamtiti po dobrom s obzirom da samo izgubili 4:0. Mnogo mi je \u017eao, preuzimam krivicu na sebe. Mislim da smo prvih 15 minuta igrali dobro, dok nismo primili gol, nismo bili mentalno jaki da se vratimo. Mnogo lo\u0161eg sam vidio, nismo bili skoncentrisani i fokusirani. Iz prekida su nam uglavnom pravili mnogo problema, \u017eao mi je, o\u010digledno nisam mogao da uti\u010dem na njih&#8220;, kazao je Mirko Vu\u010dini\u0107 u kameru Javnog servisa nakon utakmice.<\/p>\n\n\n\n<p>Crna Gora ne zna za pobjedu na posljednjih deset me\u010deva, pretrpjela je devet poraza na strani, o\u010digledno je da ne\u0161to mora da se mijenja. <\/p>\n\n\n\n<p>&#8222;Treba da se zapitamo svi mi za\u0161to je to tako, ja imam svoje ideje, to ne\u0107u iznositi pred kamerom, to \u0107u kada sjednem sa njima da popri\u010dam. Moramo da budemo skromni, neki igra\u010di misle da su majstori, majstori su drugi, mi trebamo da zasu\u010demo rukave i da radimo. Na\u0161 mentalitet je da smo majstori, a majstora nema. Mo\u017eete da gledate u prvih pet evropskih liga majstore koji tr\u010de i ginu na terenu. To mora da se prenese ovdje, to sam i pri\u010dao kada sam do\u0161ao, moramo da igramo sa voljom, \u017eeljom i trkom, jer bez ta tri segmenta, mo\u017eemo mi biti veliki majstori, ali ne\u0107emo dospjeti nigdje&#8220;, istakao je biv\u0161i as Juventusa i Rome. <\/p>\n\n\n\n<p>Crnoj Gori ve\u0107 u ponedjeljak slijedi prijateljski susret sa Lihten\u0161tajnom &#8222;pod Goricom&#8220;, a u novembru gostovanje Gibraltaru i me\u010d sa Hrvatskom na doma\u0107em terenu za kraj kvalifikacija.<\/p>\n\n\n\n<p>&#8222;Ima vremena da se radi na igra\u010dima, na njihovoj glavi. Kao \u0161to sam rekao ju\u010de na konferenciji, nije lako psiholo\u0161ki kada nema\u0161 rezultate. Mo\u017eemo mi da pri\u010damo da je dobra atmosfera, ali atmosfere nema ako nema\u0161 rezultate, koliko god izme\u0111u nas bilo dobro, jer ponavljam pobjeda je sve&#8220;, zaklju\u010dio je Vu\u010dini\u0107. <\/p>\n\n\n\n<figure class=\"wp-block-embed is-type-wp-embed is-provider-gradski-portal wp-block-embed-gradski-portal\"><div class=\"wp-block-embed__wrapper\">\n<blockquote class=\"wp-embedded-content\" data-secret=\"WewHpwcHRz\"><a href=\"https:\/\/gradski.me\/en\/uzivo-farska-ostrva-crna-gora-poznati-sastavi-obje-selekcije\/\">Debi iz no\u0107ne more za Vu\u010dini\u0107a: Crna Gora poni\u017eena na Farskim Ostrvima<\/a><\/blockquote><iframe class=\"wp-embedded-content\" sandbox=\"allow-scripts\" security=\"restricted\" style=\"position: absolute; visibility: hidden;\" title=\"&#132;Debi iz no\u0107ne more za Vu\u010dini\u0107a: Crna Gora poni\u017eena na Farskim Ostrvima&#147; &#8212; Gradski portal\" src=\"https:\/\/gradski.me\/uzivo-farska-ostrva-crna-gora-poznati-sastavi-obje-selekcije\/embed\/#?secret=03ZK6Lgwbb#?secret=WewHpwcHRz\" data-secret=\"WewHpwcHRz\" width=\"600\" height=\"338\" frameborder=\"0\" marginwidth=\"0\" marginheight=\"0\" scrolling=\"no\"><\/iframe>\n<\/div><\/figure>","protected":false},"excerpt":{"rendered":"<p>Mirko Vu\u010dini\u0107 \u0107e poku\u0161ati \u0161to prije da zaboravi selektorski debi nakon \u0161to je Crna Gora ve\u010deras ubjedljivo izgubila od Farskih Ostrva (4:0) u gostima u okviru kvalifikacija za planetarni \u0161ampionat.<\/p>","protected":false},"author":1,"featured_media":848645,"comment_status":"open","ping_status":"open","sticky":false,"template":"","format":"standard","meta":{"_acf_changed":false,"footnotes":"","jetpack_publicize_message":"","jetpack_publicize_feature_enabled":true,"jetpack_social_post_already_shared":false,"jetpack_social_options":{"image_generator_settings":{"template":"highway","default_image_id":0,"font":"","enabled":false},"version":2}},"categories":[15],"tags":[1280,6729,1281,8364],"naslovna":[],"class_list":["post-848641","post","type-post","status-publish","format-standard","has-post-thumbnail","hentry","category-sport","tag-kvalifikacije-za-svjetsko-prvenstvo","tag-mirko-vucinic","tag-muska-fudbalska-reprezentacija-crne-gore","tag-muska-fudbalska-reprezentacija-farskih-ostrva"],"acf":[],"jetpack_publicize_connections":[],"_links":{"self":[{"href":"https:\/\/gradski.me\/en\/wp-json\/wp\/v2\/posts\/848641","targetHints":{"allow":["GET"]}}],"collection":[{"href":"https:\/\/gradski.me\/en\/wp-json\/wp\/v2\/posts"}],"about":[{"href":"https:\/\/gradski.me\/en\/wp-json\/wp\/v2\/types\/post"}],"author":[{"embeddable":true,"href":"https:\/\/gradski.me\/en\/wp-json\/wp\/v2\/users\/1"}],"replies":[{"embeddable":true,"href":"https:\/\/gradski.me\/en\/wp-json\/wp\/v2\/comments?post=848641"}],"version-history":[{"count":0,"href":"https:\/\/gradski.me\/en\/wp-json\/wp\/v2\/posts\/848641\/revisions"}],"wp:featuredmedia":[{"embeddable":true,"href":"https:\/\/gradski.me\/en\/wp-json\/wp\/v2\/media\/848645"}],"wp:attachment":[{"href":"https:\/\/gradski.me\/en\/wp-json\/wp\/v2\/media?parent=848641"}],"wp:term":[{"taxonomy":"category","embeddable":true,"href":"https:\/\/gradski.me\/en\/wp-json\/wp\/v2\/categories?post=848641"},{"taxonomy":"post_tag","embeddable":true,"href":"https:\/\/gradski.me\/en\/wp-json\/wp\/v2\/tags?post=848641"},{"taxonomy":"naslovna","embeddable":true,"href":"https:\/\/gradski.me\/en\/wp-json\/wp\/v2\/naslovna?post=848641"}],"curies":[{"name":"wp","href":"https:\/\/api.w.org\/{rel}","templated":true}]}}