{"id":848509,"date":"2025-10-09T21:20:00","date_gmt":"2025-10-09T19:20:00","guid":{"rendered":"https:\/\/gradski.me\/?p=848509"},"modified":"2025-10-09T21:20:00","modified_gmt":"2025-10-09T19:20:00","slug":"zivkovic-u-pljevljima-na-djelu-drzavni-udar-koji-sprovodi-sdt-sa-ciljem-da-odrzi-ovu-vlast-abdic-dobri-moji-nece-nas-slomiti","status":"publish","type":"post","link":"https:\/\/gradski.me\/en\/politika\/zivkovic-u-pljevljima-na-djelu-drzavni-udar-koji-sprovodi-sdt-sa-ciljem-da-odrzi-ovu-vlast-abdic-dobri-moji-nece-nas-slomiti\/","title":{"rendered":"\u017divkovi\u0107 u Pljevljima: Na djelu dr\u017eavni udar koji sprovodi SDT sa ciljem da odr\u017ei ovu vlast; Abdi\u0107: Dobri moji, ne\u0107e nas slomiti"},"content":{"rendered":"<p><\/p>\n\n\n\n<p><\/p>\n\n\n\n<p><\/p>\n\n\n\n<p>,,Zato koristim ovu priliku da poru\u010dim <strong>Vladimiru Novovi\u0107u<\/strong> koji se stavio u ulogu partijskog bi\u010da \u2013 koliko god nas udarili i tukli, koliko god poku\u0161avali da nam unizite partijski i li\u010dni rejting da bi sprije\u010dili na\u0161 povratak na vlast \u2013 uzalud vam je sav trud, jer snaga na\u0161e politike le\u017ei u povjerenju gra\u0111ana i nema te la\u017ene konstrukcije koju tu\u017eila\u0161tvo ovih dana poku\u0161ava da napravi koja \u0107e nas zaustaviti u odbrani onih vrijednosti koje ova nakaradna ve\u0107ina ugro\u017eava\u201d, poru\u010dio je \u017divkovi\u0107.<\/p>\n\n\n\n<p>\u017divkovi\u0107 je dodao kako se na udaru nalaze i mediji i urednici koji, tvrdi, dokazano decenijama brane vrijednosti gra\u0111anske i antifa\u0161isti\u010dke Crne Gore, ali i predstavnici civilnog sektora, intelektualci, pa \u010dak i mimeri.<\/p>\n\n\n\n<figure class=\"wp-block-image\" id=\"attachment_2468966\"><img decoding=\"async\" src=\"https:\/\/www.cdm.me\/wp-content\/uploads\/2025\/10\/IMG_8799.jpeg\" alt=\"Foto: DPS\" class=\"wp-image-2468966\" title=\"\"><figcaption class=\"wp-element-caption\">Photo: DPS<\/figcaption><\/figure>\n\n\n\n<p>,,Sve se to de\u0161ava dok \u010ditav sektor bezbjednosti ne mo\u017ee da prona\u0111e <strong>Vesnu Brati\u0107<\/strong>, uhapsi spomenik Pavlu \u0110uri\u0161i\u0107u, ali zato danima privode <strong>Radosava Vrbicu<\/strong>. Prisustvujemo nemilosrdnom obra\u010dunu organizovanih kriminalnih grupa koji poni\u017eavaju dr\u017eavne organe, ali je prioritet obra\u010dun sa dokazanim crnogorskim intelektualcima i kriti\u010darima vlasti. To \u0161to danas otkrivate kroz medije i \u0161aljete razli\u010dite informacije vjeruju\u0107i da \u0107ete sjutra izbje\u0107i odgovornost za ovo \u0161to radite na nivou tu\u017eila\u0161tva, grdno ste se prevarili. Vremena dolaze i prolaze, ali ostaju djela, a svako \u0107e za svoja djela odgovarati\u201d, kazao je \u017divkovi\u0107.<\/p>\n\n\n\n<p>On je naveo i da razumije nervozu partijskih tu\u017eilaca koji su vidjeli da, kako ka\u017ee, DPS grabi ka 30% i da se nezaustavljivo vra\u0107a na vlast.<\/p>\n\n\n\n<p>\u201cU\u0161li ste u jednosmjernu ulicu i iz ulice iza\u0107i \u0107e samo jedan pobjednik \u2013 gra\u0111anska i antifa\u0161isti\u010dka Crna Gora ili staljinisti\u010dka diktatura. Ali nemam dileme ko \u0107e u toj borbi iza\u0107i kao pobjednik\u201d, zaklju\u010dio je \u017divkovi\u0107.<\/p>\n\n\n\n<figure class=\"wp-block-image\" id=\"attachment_2468964\"><img decoding=\"async\" src=\"https:\/\/www.cdm.me\/wp-content\/uploads\/2025\/10\/IMG_8798.jpeg\" alt=\"Foto: DPS\" class=\"wp-image-2468964\" title=\"\"><figcaption class=\"wp-element-caption\">Photo: DPS<\/figcaption><\/figure>\n\n\n\n<p>Prisutnima se obratio i \u010dlan Predsjedni\u0161tva DPS-a <strong>Nermin Abdi\u0107,<\/strong> navodi se dalje u saop\u0161tenju.<\/p>\n\n\n\n<p>On je okupljenima kazao da u Pljevljima nijesu sami i da \u0107e Pljevlja ostati gra\u0111anska i evropska:<\/p>\n\n\n\n<p>\u201cPoku\u0161avaju da nam lijepe razne etikete, ali ne mogu da shvate da u tome ne mogu nikako da uspiju. DPS je partija ljudi svih vjera i nacija, ljudi svih profesija koja ba\u0161tini gra\u0111anske i evropske vrijednosti, a ovo \u0161to se de\u0161ava u Crnoj Gori danas \u2013 boba ne valja\u201d, istakao je Abdi\u0107.<\/p>\n\n\n\n<figure class=\"wp-block-image\" id=\"attachment_2468965\"><img decoding=\"async\" src=\"https:\/\/www.cdm.me\/wp-content\/uploads\/2025\/10\/IMG_8797.jpeg\" alt=\"Foto: DPS\" class=\"wp-image-2468965\" title=\"\"><figcaption class=\"wp-element-caption\">Photo: DPS<\/figcaption><\/figure>\n\n\n\n<p>Na kraju, on je naglasio da su mnogi poku\u0161avali da slome Demokratsku partiju socijalista, te da ni ovi koji to sad poku\u0161avaju u svom naumu ne\u0107e uspjeti:<\/p>\n\n\n\n<p>\u201cMogu nas samo osna\u017eiti, mogu nas samo ujediniti, mogu nas samo u\u010diniti ja\u010dim i boljim. Nikome ne\u0107emo dozvoliti da uru\u0161ava temelje dr\u017eave i dru\u0161tva! Samo zajedno mo\u017eemo sa\u010duvati gra\u0111anske vrijednosti na\u0161e Crne Gore\u201d, poru\u010dio je Abdi\u0107.<\/p>\n\n\n\n<p>Na skupu su se obratile i predsjednica pljevaljskog DPS-a <strong>Maja Rondovi\u0107<\/strong> i \u010dlanica Savjeta mladih <strong>Kristina Stevanovi\u0107, <\/strong>zaklju\u010duje se u saop\u0161tenju.<\/p>","protected":false},"excerpt":{"rendered":"<p>Iz Demokratske partije socijalista saop\u0161teno je da je predsjednik ove partije, Danijel \u017divkovi\u0107, na ve\u010dera\u0161njem skupu u Pljevljima kazao da je na djelu dr\u017eavni udar koji sprovodi SDT sa ciljem da odr\u017ei sada\u0161nju parlamentarnu ve\u0107inu na vlasti.<\/p>","protected":false},"author":1,"featured_media":848510,"comment_status":"open","ping_status":"open","sticky":false,"template":"","format":"standard","meta":{"_acf_changed":false,"footnotes":"","jetpack_publicize_message":"","jetpack_publicize_feature_enabled":true,"jetpack_social_post_already_shared":false,"jetpack_social_options":{"image_generator_settings":{"template":"highway","default_image_id":0,"font":"","enabled":false},"version":2}},"categories":[7],"tags":[88,9010,5570],"naslovna":[],"class_list":["post-848509","post","type-post","status-publish","format-standard","has-post-thumbnail","hentry","category-politika","tag-dps","tag-pljavlja","tag-skup"],"acf":[],"jetpack_publicize_connections":[],"_links":{"self":[{"href":"https:\/\/gradski.me\/en\/wp-json\/wp\/v2\/posts\/848509","targetHints":{"allow":["GET"]}}],"collection":[{"href":"https:\/\/gradski.me\/en\/wp-json\/wp\/v2\/posts"}],"about":[{"href":"https:\/\/gradski.me\/en\/wp-json\/wp\/v2\/types\/post"}],"author":[{"embeddable":true,"href":"https:\/\/gradski.me\/en\/wp-json\/wp\/v2\/users\/1"}],"replies":[{"embeddable":true,"href":"https:\/\/gradski.me\/en\/wp-json\/wp\/v2\/comments?post=848509"}],"version-history":[{"count":0,"href":"https:\/\/gradski.me\/en\/wp-json\/wp\/v2\/posts\/848509\/revisions"}],"wp:featuredmedia":[{"embeddable":true,"href":"https:\/\/gradski.me\/en\/wp-json\/wp\/v2\/media\/848510"}],"wp:attachment":[{"href":"https:\/\/gradski.me\/en\/wp-json\/wp\/v2\/media?parent=848509"}],"wp:term":[{"taxonomy":"category","embeddable":true,"href":"https:\/\/gradski.me\/en\/wp-json\/wp\/v2\/categories?post=848509"},{"taxonomy":"post_tag","embeddable":true,"href":"https:\/\/gradski.me\/en\/wp-json\/wp\/v2\/tags?post=848509"},{"taxonomy":"naslovna","embeddable":true,"href":"https:\/\/gradski.me\/en\/wp-json\/wp\/v2\/naslovna?post=848509"}],"curies":[{"name":"wp","href":"https:\/\/api.w.org\/{rel}","templated":true}]}}