{"id":848393,"date":"2025-10-09T19:12:00","date_gmt":"2025-10-09T17:12:00","guid":{"rendered":"https:\/\/gradski.me\/?p=848393"},"modified":"2025-10-09T19:12:00","modified_gmt":"2025-10-09T17:12:00","slug":"video-spadijer-finansije-glavnog-grada-stabilne-do-kraja-godine-zavrsetak-vise-vaznih-projekata-a-poseban-izazov-je-zapadna-obilaznica","status":"publish","type":"post","link":"https:\/\/gradski.me\/en\/podgorica\/video-spadijer-finansije-glavnog-grada-stabilne-do-kraja-godine-zavrsetak-vise-vaznih-projekata-a-poseban-izazov-je-zapadna-obilaznica\/","title":{"rendered":"(VIDEO) \u0160padijer: Finansije Glavnog grada stabilne, do kraja godine zavr\u0161etak vi\u0161e va\u017enih projekata, poseban izazov zapadna obilaznica"},"content":{"rendered":"<p><br>Uprkos izazovima, Glavni grad bilje\u017ei stabilne bud\u017eetske pokazatelje.<br><\/p>\n\n\n\n<p>&#8222;\u0160to se ti\u010de finansija Glavnog grada, negdje mo\u017eemo re\u0107i, slobodno,da je situacija jako stabilna. Mi smo negdje na nivou ostvarenja, kumulativni iznos prihoda, nekih 118 miliona eura, nekih preko 77 posto&#8220;, kazao je \u0160padijer.<\/p>\n\n\n\n<p><br>I dok su prihodi na zadovoljavaju\u0107em nivou, kapitalni izdaci dominiraju rashodnom stranom bud\u017eeta.<br><\/p>\n\n\n\n<p>&#8222;Kad je rashodna strana u pitanju, negdje i ona iznosi 76 miliona eura, nekih 50 posto, od plana.U njenoj strukturu su najzna\u010dajniji kapitalni izdaci, sa nekih preko 35 miliona eura. Tako\u0111e i njenu realizaciju o\u010dekujemo u zna\u010dajno ve\u0107em iznosu u poslednjem kvartalu&#8220;, kazao je \u0160padijer. <\/p>\n\n\n\n<p><br>Zavr\u0161ene su brojne saobra\u0107ajnice, a ulo\u017eeno je i u gradski prevoz, lokalne puteve, infrastrukturu i projekte koji su temelj za naredne faze razvoja.<br><\/p>\n\n\n\n<p>&#8222;Za  prvih devet mjeseci, aktivno smo radili na asfaltiranju lokalnih puteva. Dakle, svih puteva na teritoriji Glavnog grada. Za te namjene smo ve\u0107 u ovom treutku potro\u0161ili ne\u0161to preko 6 miliona eura. Tako\u0111e, nabavili smo jedan kontigent autobusa. Formirali preko 30 linija u gradskom prevozu i na tom polju kolege iz Puteva su uradile jedan zuna\u010dajan posao&#8220;, naveo je \u0160padijer.<br><\/p>\n\n\n\n<p>Do kraja godine o\u010dekuje se zavr\u0161etak vi\u0161e va\u017enih infrastrukturnih projekata, a poseban izazov je zapadna obilaznica. Prethodna dva tendera za obilaznicu su propala, pa se nadaju u ovom gradskom resoru, da \u0107e tre\u0107i koji je u toku , biti uspje\u0161an i ve\u0107 u novembru biti poznat izvo\u0111a\u010d radova.<br><\/p>\n\n\n\n<p>&#8222;O\u010dekujem da do kraja godine mo\u017eemo zavr\u0161iti jeste i Gradsko pozori\u0161te. O\u010dekujemo da \u0107emo jo\u0161 nekih 2 do 2,5 miliona eura imati aktivnosti na asfaltiranju gradskih i prigradskih puteva. O\u010dekujem isporuku jo\u0161 od preko milion eura, minibuseva za Glavni grad, 11 vozila. Na taj na\u010din \u0107emo pro\u0161iriti aktivnosti u gradskom saobra\u0107aju. Tako\u0111e raspisali smo i tender za adaptilno upravljanje svjetlosnom signalizacijom&#8220;, kazao je \u0160padijer.<\/p>\n\n\n\n<p><br>O\u010dekuje se isporuka vozila za \u201e\u010cisto\u0107u\u201c i nastavak izgradnje pete sanitarne kade, oba projekta vrijedna po 2 miliona eura, kao i digitalizacija 40 stajali\u0161ta. Paralelno se rade bud\u017eetske projekcije za 2026. godinu.Formirano je novo preduze\u0107e za prostorno planiranje, a javne slu\u017ebe bilje\u017ee pozitivne pomake.Sa stabilnim finansijama i jasnim ciljevima, Glavni grad nastavlja da ula\u017ee u infrastrukturu i kvalitet \u017eivota gra\u0111ana.<\/p>\n\n\n\n<figure class=\"wp-block-embed is-type-video is-provider-youtube wp-block-embed-youtube wp-embed-aspect-16-9 wp-has-aspect-ratio\"><div class=\"wp-block-embed__wrapper\">\n<iframe title=\"Finansije Glavnog grada stabilne, do kraja godine zavr\u0161etak vi\u0161e va\u017enih infrastrukturnih projekata\" width=\"800\" height=\"450\" src=\"https:\/\/www.youtube.com\/embed\/ZWE-wG8zYi8?feature=oembed\" frameborder=\"0\" allow=\"accelerometer; autoplay; clipboard-write; encrypted-media; gyroscope; picture-in-picture; web-share\" referrerpolicy=\"strict-origin-when-cross-origin\" allowfullscreen><\/iframe>\n<\/div><\/figure>","protected":false},"excerpt":{"rendered":"<p>Finansijska slika Glavnog grada je stabilna, ambiciozna i fokusirana na razvoj, poru\u010duju za TV Podgorica iz Sekretarijata za finansije. Sa skoro 80 odsto ostvarenih prihoda i zna\u010dajnim kapitalnim ulaganjima, Podgorica nastavlja da ula\u017ee u infrastrukturu, gradski prevoz i projekte od \u0161ireg zna\u010daja, najavio je sekretar za finansijske poslove i analizu bud\u017eeta, Bal\u0161a \u0160padijer.<\/p>","protected":false},"author":1,"featured_media":848398,"comment_status":"open","ping_status":"open","sticky":false,"template":"","format":"standard","meta":{"_acf_changed":false,"footnotes":"","jetpack_publicize_message":"","jetpack_publicize_feature_enabled":true,"jetpack_social_post_already_shared":false,"jetpack_social_options":{"image_generator_settings":{"template":"highway","default_image_id":0,"font":"","enabled":false},"version":2}},"categories":[6],"tags":[8982,116],"naslovna":[],"class_list":["post-848393","post","type-post","status-publish","format-standard","has-post-thumbnail","hentry","category-podgorica","tag-finansije","tag-glavni-grad"],"acf":[],"jetpack_publicize_connections":[],"_links":{"self":[{"href":"https:\/\/gradski.me\/en\/wp-json\/wp\/v2\/posts\/848393","targetHints":{"allow":["GET"]}}],"collection":[{"href":"https:\/\/gradski.me\/en\/wp-json\/wp\/v2\/posts"}],"about":[{"href":"https:\/\/gradski.me\/en\/wp-json\/wp\/v2\/types\/post"}],"author":[{"embeddable":true,"href":"https:\/\/gradski.me\/en\/wp-json\/wp\/v2\/users\/1"}],"replies":[{"embeddable":true,"href":"https:\/\/gradski.me\/en\/wp-json\/wp\/v2\/comments?post=848393"}],"version-history":[{"count":0,"href":"https:\/\/gradski.me\/en\/wp-json\/wp\/v2\/posts\/848393\/revisions"}],"wp:featuredmedia":[{"embeddable":true,"href":"https:\/\/gradski.me\/en\/wp-json\/wp\/v2\/media\/848398"}],"wp:attachment":[{"href":"https:\/\/gradski.me\/en\/wp-json\/wp\/v2\/media?parent=848393"}],"wp:term":[{"taxonomy":"category","embeddable":true,"href":"https:\/\/gradski.me\/en\/wp-json\/wp\/v2\/categories?post=848393"},{"taxonomy":"post_tag","embeddable":true,"href":"https:\/\/gradski.me\/en\/wp-json\/wp\/v2\/tags?post=848393"},{"taxonomy":"naslovna","embeddable":true,"href":"https:\/\/gradski.me\/en\/wp-json\/wp\/v2\/naslovna?post=848393"}],"curies":[{"name":"wp","href":"https:\/\/api.w.org\/{rel}","templated":true}]}}