{"id":848222,"date":"2025-10-09T15:40:00","date_gmt":"2025-10-09T13:40:00","guid":{"rendered":"https:\/\/gradski.me\/?p=848222"},"modified":"2025-10-09T15:40:00","modified_gmt":"2025-10-09T13:40:00","slug":"sinoc-uz-muziku-i-poeziju-u-kolasinu-odrzano-uspjesno-vece-dragana-koprivice-i-prijatelja","status":"publish","type":"post","link":"https:\/\/gradski.me\/en\/kultura\/sinoc-uz-muziku-i-poeziju-u-kolasinu-odrzano-uspjesno-vece-dragana-koprivice-i-prijatelja\/","title":{"rendered":"Sino\u0107 uz muziku i poeziju u Kola\u0161inu &#8211; Odr\u017eano uspje\u0161no ve\u010de Dragana Koprivice i prijatelja"},"content":{"rendered":"<p><\/p>\n\n\n\n<p>Prisutnima su se svojim nadahnutim stihovima prvo predstavile pjesnikinje <strong>Ana Djurovic<\/strong>, <strong>An\u0111elina Joki\u0107<\/strong> i <strong>Andrea Raoni\u0107<\/strong> i pokazale da je Crna Gora zaista neiscrpno vrelo talenata.<\/p>\n\n\n\n<p>Ana \u0110urovi\u0107 iz Podgorice govorila je stihove iz svoje predstoje\u0107e zbirke \u201cOna nije tu\u201d, a poseban akcenat stavila na stihove iz svoje edukativne bojanke o istorijskim li\u010dnostima Crne Gore \u201cPogodi ko sam\u201d, koja na jedinstven na\u010din kombinuje u\u010denje, pjesme poga\u0111alice (zagonetke) i ilustracije, a privukla je pa\u017enju i na upravo zavr\u0161enom sajmu knjiga u Podgorici.<\/p>\n\n\n\n<p>An\u0111elina Joki\u0107 iz Mojkovca, in\u017eenjer elektrotehni\u010dkog fakulteta UCG, bavi se uspje\u0161no i pisanjem stihova, \u0161to je na najbolji na\u010din i dokazala svojim pjesmama i aplauzom publike. Andrea Raoni\u0107 iz Podgorice bavi se knji\u017eevno\u0161\u0107u, turizmom i humanitarnim radom, a svojim stihovima tako\u0111e je pobrala aplauze, uz pjesni\u010dke poruke u znaku intimisti\u010dke ispovijesti i poetskog nadahnu\u0107a.<\/p>\n\n\n\n<p><strong>Darko Buli\u0107<\/strong>, talentovani pjesnik i glumac Studentskog teatra, sino\u0107 je nadahnuto govorio stihove iz svoje nedavno objavljene nove knjige poezije, koja \u0107e biti promovisana 11. oktobra u Narodnoj biblioteci \u201cRadosav Ljumovi\u0107\u201d u Podgorici.<\/p>\n\n\n\n<p><strong>Rodoljub \u0106ori\u0107<\/strong>, afirmisani pjesnik iz Mojkovca i kulturni poslenik, organizator me\u0111unarodne manifestacije \u201cSlovo slovensko\u201d, govorio je svoje upe\u010datljive stihove, tako\u0111e lijepo prihva\u0107ene od kola\u0161inske publike.<\/p>\n\n\n\n<p>U muzi\u010dkom dijelu programa Koprivica je svirao na harmonici i pjevao poznate hitove, a prije izvo\u0111enja jedne od pjesama Halida Be\u0161li\u0107a kola\u0161inska publika je ustala i dugotrajnim aplauzom iskazala po\u0161tovanje prema muzi\u010dkom liku i djelu Be\u0161li\u0107a.<\/p>\n\n\n\n<p>\u010cestitaju\u0107i kola\u0161inskom KUD-u \u201cMijat Ma\u0161kovi\u0107\u201d na nedavno osvojenom prvom mjestu na Svjetskom festivalu folklora u Poljskoj, i ukazuju\u0107i na zna\u010daj tog kulturnog podviga u me\u0111unarodnim okvirima, Koprivica je potom predstavio mlade kola\u0161inske nade, \u201c\u0110udice\u201d, koje su nadahnuto otpjevale neke etno refrene svog kraja, a Davor Sedlarevi\u0107 na harmonici izveo potpuri makedonskih narodnih pjesama.<\/p>\n\n\n\n<p>Nastup Koprivice i prijatelja u Kola\u0161inu bio je od po\u010detka godine ve\u0107 sedamnaesti, a do kraja decembra od posebnog zna\u010daja su ve\u010deri u Nik\u0161i\u0107u, u Nik\u0161i\u0107kom pozori\u0161tu (22. oktobra), i u Podgorici, u velikoj sali KIC-a \u201cBudo Tomovi\u0107\u201d (13. decembra) na finalnoj ve\u010deri ovog muzi\u010dko-pjesni\u010dkog karavana.<\/p>\n\n\n\n<p>Uz u\u010de\u0161\u0107e brojnih gostiju programa, nastupi su dosad izvedeni u centrima za kulturu i ustanovama od posebnog dru\u0161tvenog zna\u010daja u Podgorici, Mu\u0161kom i \u017denskom zatvoru UIKS-a, Zatvoru Bijelo Polje, JU \u201cKakaricka gora\u201d, Nik\u0161i\u0107u, Mojkovcu, Danilovgradu, Budvi&#8230;<\/p>","protected":false},"excerpt":{"rendered":"<p>U velikoj sali Centra za kulturu u Kola\u0161inu sino\u0107 je izveden bogat kola\u017eni program muzike i poezije, koji je kola\u0161inska publika izvrsno prihvatila, u dobroj atmosferi. Uz podr\u0161ku Branislava Jekni\u0107a, direktora CZK, i Davora Sedlarevi\u0107a, umjetni\u010dkog rukovodioca kola\u0161inskog KUD-a \u201cMijat Ma\u0161kovi\u0107\u201d, ve\u010de je uz interakciju s publikom vodio Dragan Koprivica.<\/p>","protected":false},"author":1,"featured_media":848226,"comment_status":"open","ping_status":"open","sticky":false,"template":"","format":"standard","meta":{"_acf_changed":false,"footnotes":"","jetpack_publicize_message":"","jetpack_publicize_feature_enabled":true,"jetpack_social_post_already_shared":false,"jetpack_social_options":{"image_generator_settings":{"template":"highway","default_image_id":0,"font":"","enabled":false},"version":2}},"categories":[11],"tags":[8933,8934,3235,8712],"naslovna":[],"class_list":["post-848222","post","type-post","status-publish","format-standard","has-post-thumbnail","hentry","category-kultura","tag-dragan-koprivica-i-prijatelji-2","tag-kolasin-2","tag-muzika","tag-poezija"],"acf":[],"jetpack_publicize_connections":[],"_links":{"self":[{"href":"https:\/\/gradski.me\/en\/wp-json\/wp\/v2\/posts\/848222","targetHints":{"allow":["GET"]}}],"collection":[{"href":"https:\/\/gradski.me\/en\/wp-json\/wp\/v2\/posts"}],"about":[{"href":"https:\/\/gradski.me\/en\/wp-json\/wp\/v2\/types\/post"}],"author":[{"embeddable":true,"href":"https:\/\/gradski.me\/en\/wp-json\/wp\/v2\/users\/1"}],"replies":[{"embeddable":true,"href":"https:\/\/gradski.me\/en\/wp-json\/wp\/v2\/comments?post=848222"}],"version-history":[{"count":0,"href":"https:\/\/gradski.me\/en\/wp-json\/wp\/v2\/posts\/848222\/revisions"}],"wp:featuredmedia":[{"embeddable":true,"href":"https:\/\/gradski.me\/en\/wp-json\/wp\/v2\/media\/848226"}],"wp:attachment":[{"href":"https:\/\/gradski.me\/en\/wp-json\/wp\/v2\/media?parent=848222"}],"wp:term":[{"taxonomy":"category","embeddable":true,"href":"https:\/\/gradski.me\/en\/wp-json\/wp\/v2\/categories?post=848222"},{"taxonomy":"post_tag","embeddable":true,"href":"https:\/\/gradski.me\/en\/wp-json\/wp\/v2\/tags?post=848222"},{"taxonomy":"naslovna","embeddable":true,"href":"https:\/\/gradski.me\/en\/wp-json\/wp\/v2\/naslovna?post=848222"}],"curies":[{"name":"wp","href":"https:\/\/api.w.org\/{rel}","templated":true}]}}