{"id":848022,"date":"2025-10-09T11:34:46","date_gmt":"2025-10-09T09:34:46","guid":{"rendered":"https:\/\/gradski.me\/?p=848022"},"modified":"2025-10-09T11:34:46","modified_gmt":"2025-10-09T09:34:46","slug":"bez-vode-ulica-vojislavljevica-janka-djonovica-i-donja-gorica","status":"publish","type":"post","link":"https:\/\/gradski.me\/en\/politika\/bez-vode-ulica-vojislavljevica-janka-djonovica-i-donja-gorica\/","title":{"rendered":"Bez vode ulica Vojislavljevi\u0107a, Janka \u0110onovi\u0107a i Donja Gorica"},"content":{"rendered":"<p>Iz Vodovoda su saop\u0161tili da \u0107e ulice Vojislavljevi\u0107a, Janka \u0110onovi\u0107a, kao i naselje Donja Gorica.<\/p>\n\n\n\n<p>Kako su kazali, bez vode \u0107e biti zbog radova na mre\u017ei, a vodosnabdijevanjedo 14 \u010dasova.<\/p>\n\n\n\n<p><\/p>","protected":false},"excerpt":{"rendered":"<p>Iz GP &#8222;Vodovod i kanalizacije&#8220;, najavili su da \u0107e neke uliceu Donjoj gorici biti bez vode.<\/p>","protected":false},"author":1,"featured_media":698295,"comment_status":"open","ping_status":"open","sticky":false,"template":"","format":"standard","meta":{"_acf_changed":false,"footnotes":"","jetpack_publicize_message":"","jetpack_publicize_feature_enabled":true,"jetpack_social_post_already_shared":false,"jetpack_social_options":{"image_generator_settings":{"template":"highway","default_image_id":0,"font":"","enabled":false},"version":2}},"categories":[7],"tags":[616,884],"naslovna":[],"class_list":["post-848022","post","type-post","status-publish","format-standard","has-post-thumbnail","hentry","category-politika","tag-donja-gorica","tag-vodovod"],"acf":[],"jetpack_publicize_connections":[],"_links":{"self":[{"href":"https:\/\/gradski.me\/en\/wp-json\/wp\/v2\/posts\/848022","targetHints":{"allow":["GET"]}}],"collection":[{"href":"https:\/\/gradski.me\/en\/wp-json\/wp\/v2\/posts"}],"about":[{"href":"https:\/\/gradski.me\/en\/wp-json\/wp\/v2\/types\/post"}],"author":[{"embeddable":true,"href":"https:\/\/gradski.me\/en\/wp-json\/wp\/v2\/users\/1"}],"replies":[{"embeddable":true,"href":"https:\/\/gradski.me\/en\/wp-json\/wp\/v2\/comments?post=848022"}],"version-history":[{"count":0,"href":"https:\/\/gradski.me\/en\/wp-json\/wp\/v2\/posts\/848022\/revisions"}],"wp:featuredmedia":[{"embeddable":true,"href":"https:\/\/gradski.me\/en\/wp-json\/wp\/v2\/media\/698295"}],"wp:attachment":[{"href":"https:\/\/gradski.me\/en\/wp-json\/wp\/v2\/media?parent=848022"}],"wp:term":[{"taxonomy":"category","embeddable":true,"href":"https:\/\/gradski.me\/en\/wp-json\/wp\/v2\/categories?post=848022"},{"taxonomy":"post_tag","embeddable":true,"href":"https:\/\/gradski.me\/en\/wp-json\/wp\/v2\/tags?post=848022"},{"taxonomy":"naslovna","embeddable":true,"href":"https:\/\/gradski.me\/en\/wp-json\/wp\/v2\/naslovna?post=848022"}],"curies":[{"name":"wp","href":"https:\/\/api.w.org\/{rel}","templated":true}]}}