{"id":847963,"date":"2025-10-09T11:20:00","date_gmt":"2025-10-09T09:20:00","guid":{"rendered":"https:\/\/gradski.me\/?p=847963"},"modified":"2025-10-09T11:20:00","modified_gmt":"2025-10-09T09:20:00","slug":"ni-unesco-ni-bilo-koji-vid-zastite-ne-moze-zamaskirati-lose-upravljanje-zivotnom-sredinom","status":"publish","type":"post","link":"https:\/\/gradski.me\/en\/drustvo\/ni-unesco-ni-bilo-koji-vid-zastite-ne-moze-zamaskirati-lose-upravljanje-zivotnom-sredinom\/","title":{"rendered":"Ni UNESCO ni bilo koji vid\u00a0za\u0161tite ne mo\u017ee zamaskirati lo\u0161e upravljanje \u017eivotnom sredinom"},"content":{"rendered":"<p><\/p>\n\n\n\n<p><\/p>\n\n\n\n<p>Navode da bez konkretnih i kontinuiranih aktivnosti za unapre\u0111enje postoje\u0107eg stanja, ulaganja u mjere za\u0161tite, zaustavljanje ekokriminala koji je naro\u010dito izra\u017een u za\u0161ti\u0107enim podru\u010djima, veli\u010dati \u010din kandidatura, ne samo da je neumjesno, ve\u0107 pokazuje nedostatak razumijevanja zahtjevnih procesa i vizije kako na pravilan na\u010din valorizovati najvrijednije prirodne i kulturne resurse koje imamo.<\/p>\n\n\n\n<p>&#8222;Konkretan primjer kandidature Skadarskog jezera za UNESCO, koje je ve\u0107 nacionalni park, u kom zavr\u0161avaju nepre\u010di\u0161\u0107ene otpdne gradske i industrijske vode, na kom je vi\u0161edecenijski problem krivolov, trebalo bi da bude prostor za druga\u010diji pristup nadle\u017enih institucija, koje u susret odluci treba da obezbjede ve\u0107 u bud\u017eetu za 2026. godinu realizaciju projekata kojima \u0107e se krenuti sa konkretnim i vidljim rje\u0161avanjem problema, javnim kampanjama u cilju dobijanja njihove podr\u0161ke, obukama zaposlenih koji \u0107e raditi na terenu.<\/p>\n\n\n\n<p>Status za\u0161tite se ne plasira putem informativnih tabli, sponzorisanim objavama na protalima i dru\u0161tvenim mre\u017eama, ve\u0107 aktivnostima na terenu, informisanjem gra\u0111ana u direktnim kontaktima, neselektivnom primjenom zakona, odlu\u010dnom politikom a ne politikantskim poku\u0161ajima skretanja pa\u017enje sa su\u0161tine problema&#8220;, kazali su u saop\u0161tenju.<\/p>\n\n\n\n<p>\u017delja im je, kako ka\u017eu, da ovim reagovanjem zanteresujemo javnost za argumentovani javni dijalog ne samo o benefitima, ve\u0107 i aktuelnim problemima, iskustvima, izazovima, potencijalima razvoja na podru\u010djima koji su ve\u0107 za\u0161ti\u0107ena i onima koja se namjeravaju kandidovati za dobijanje takvog statusa.<\/p>\n\n\n\n<p>&#8222;Aktuelna de\u0161avanja u Nacionalnom parku ,,Biogradska gora\u201c gdje vlasnici privatne imovine tra\u017ee mogu\u0107nosti valorizacije na na\u010din koji ne prati taj status za\u0161tite, pokazuje da je potrebna stalna komunikacija sa gra\u0111anima, njihovo uklju\u010divanje i u upravlja\u010dke strukture.<\/p>\n\n\n\n<p>Primjer izgradnje auto puta tokom koje je konstanto devastrirana rijeka Tara i ugro\u017eavan rije\u010dni i povezani ekosostemi, koja ima UNESCO za\u0161titu, tako\u0111e nam daje za pravo da uka\u017eemo na \u010dinjenicu da ni takav stepen za\u0161tite ne garantuje spre\u010davanje ekokriminala u razli\u010ditim oblicima, te da se privatni interesi i tu prepoznaju vi\u0161e nego javni.<\/p>\n\n\n\n<p>Da ne pri\u010damo o ,,upravljanju\u201c bez upravlja\u010da na mnogim za\u0161ti\u0107enim podru\u010djima u kojima se i dalje realizuju aktivnosti koje ne bi smjele.<\/p>\n\n\n\n<p>Na kraju, sa \u017ealjenjem ukazujemo da svake godine dobijamo komentare od strane doma\u0107ih i stranih turista, da koliko god da je lijepa na\u0161a priroda u za\u0161ti\u0107enim podru\u010djima, krajnji utisak temelje na vidljivim problemima, kakvi su nelegalno odlaganje otpada i ispu\u0161tanje otpadnih voda, devastacija \u0161umskog fonda, nekulture u toku boravka u prirodi&#8230;<\/p>\n\n\n\n<p>Zato treba da nam svima bude jasno prvo je potrebno su\u0161tinski svoriti ambijent u kom se vidi da je rije\u010d o prirodnom bogatsvu kojim se upravlja na odr\u017eiv na\u010din, pa \u0107e stepeni za\u0161tite i procedure kandidovanja biti mnogo lak\u0161e realizovati&#8220;, dodali su u saop\u0161tenju.<\/p>","protected":false},"excerpt":{"rendered":"<p>Ekolo\u0161ki pokret ,,Ozon\u201c smatra da stanje na terenu i dosada\u0161nja praksa upravljanja za\u0161ti\u0107enim podru\u010djima ne prati su\u0161tinske vrijednosti koje se dobijaju tim statusom, te da je potrebno sprije\u010diti manipulisanje javnosti dobrobitima u lokalnim zajednicama, posebno u kontekstu samog \u010dina kandidatura, istakli su u saop\u0161tenju.<\/p>","protected":false},"author":1,"featured_media":841179,"comment_status":"open","ping_status":"open","sticky":false,"template":"","format":"standard","meta":{"_acf_changed":false,"footnotes":"","jetpack_publicize_message":"","jetpack_publicize_feature_enabled":true,"jetpack_social_post_already_shared":false,"jetpack_social_options":{"image_generator_settings":{"template":"highway","default_image_id":0,"font":"","enabled":false},"version":2}},"categories":[9],"tags":[5487,111],"naslovna":[],"class_list":["post-847963","post","type-post","status-publish","format-standard","has-post-thumbnail","hentry","category-drustvo","tag-ozon","tag-unesco"],"acf":[],"jetpack_publicize_connections":[],"_links":{"self":[{"href":"https:\/\/gradski.me\/en\/wp-json\/wp\/v2\/posts\/847963","targetHints":{"allow":["GET"]}}],"collection":[{"href":"https:\/\/gradski.me\/en\/wp-json\/wp\/v2\/posts"}],"about":[{"href":"https:\/\/gradski.me\/en\/wp-json\/wp\/v2\/types\/post"}],"author":[{"embeddable":true,"href":"https:\/\/gradski.me\/en\/wp-json\/wp\/v2\/users\/1"}],"replies":[{"embeddable":true,"href":"https:\/\/gradski.me\/en\/wp-json\/wp\/v2\/comments?post=847963"}],"version-history":[{"count":0,"href":"https:\/\/gradski.me\/en\/wp-json\/wp\/v2\/posts\/847963\/revisions"}],"wp:featuredmedia":[{"embeddable":true,"href":"https:\/\/gradski.me\/en\/wp-json\/wp\/v2\/media\/841179"}],"wp:attachment":[{"href":"https:\/\/gradski.me\/en\/wp-json\/wp\/v2\/media?parent=847963"}],"wp:term":[{"taxonomy":"category","embeddable":true,"href":"https:\/\/gradski.me\/en\/wp-json\/wp\/v2\/categories?post=847963"},{"taxonomy":"post_tag","embeddable":true,"href":"https:\/\/gradski.me\/en\/wp-json\/wp\/v2\/tags?post=847963"},{"taxonomy":"naslovna","embeddable":true,"href":"https:\/\/gradski.me\/en\/wp-json\/wp\/v2\/naslovna?post=847963"}],"curies":[{"name":"wp","href":"https:\/\/api.w.org\/{rel}","templated":true}]}}