{"id":847900,"date":"2025-10-09T08:55:00","date_gmt":"2025-10-09T06:55:00","guid":{"rendered":"https:\/\/gradski.me\/?p=847900"},"modified":"2025-10-09T08:55:00","modified_gmt":"2025-10-09T06:55:00","slug":"vucic-optuzuje-tursku-da-krsi-dokumenta-un-a","status":"publish","type":"post","link":"https:\/\/gradski.me\/en\/region\/vucic-optuzuje-tursku-da-krsi-dokumenta-un-a\/","title":{"rendered":"Vu\u010di\u0107 optu\u017euje Tursku da kr\u0161i dokumenta UN-a"},"content":{"rendered":"<p>Premijer Kosova Aljin Kurti objavio je da su kontejneri sa hiljadama turskih borbenih dronova kamikaza &#8222;Skajdager&#8220; danas stigli na aerodrom u Pri\u0161tini i da su desetine kosovskih vojnika obu\u010dene za njihovu upotrebu.<\/p>\n\n\n\n<p>Vu\u010di\u0107 je na mre\u017ei X napisao da je \u201czgro\u017een\u201d takvim potezom Turske.<\/p>\n\n\n\n<p>&#8222;Zgro\u017een sam pona\u0161anjem Turske i brutalnim kr\u0161enjem Povelje UN i Rezolucije 1244 Savjeta bezbjednosti UN, kao i kontinuiranim naoru\u017eavanjem vlasti u Pri\u0161tini\u201d, naveo je Vu\u010di\u0107.&nbsp;<\/p>\n\n\n\n<p>Kako je rekao, postalo je jasno da Turska ne \u017eeli stabilnost na Zapadnom Balkanu.<\/p>\n\n\n\n<p>\u201cSada je potpuno jasno da Turska ne \u017eeli stabilnost na Zapadnom Balkanu i da ponovo sanja o obnovi Osmanskog carstva. Srbija je mala zemlja, ali razumemo njihove prave namere&#8220;, kazao je Vu\u010di\u0107.<\/p>","protected":false},"excerpt":{"rendered":"<p>Predsjednik Srbije Aleksandar Vu\u010di\u0107 optu\u017eio je Tursku da, naoru\u017eavaju\u0107i Kosovo, kr\u0161i Povelju Ujedinjenih nacija (UN) i rezolucije Savjeta bezbjednosti UN-a.<\/p>","protected":false},"author":1,"featured_media":733241,"comment_status":"open","ping_status":"open","sticky":false,"template":"","format":"standard","meta":{"_acf_changed":false,"footnotes":"","jetpack_publicize_message":"","jetpack_publicize_feature_enabled":true,"jetpack_social_post_already_shared":false,"jetpack_social_options":{"image_generator_settings":{"template":"highway","default_image_id":0,"font":"","enabled":false},"version":2}},"categories":[13],"tags":[532,8885,3153,533,1352],"naslovna":[],"class_list":["post-847900","post","type-post","status-publish","format-standard","has-post-thumbnail","hentry","category-region","tag-aleksandar-vucic","tag-naoruzavanje","tag-pristina","tag-srbija","tag-turska"],"acf":[],"jetpack_publicize_connections":[],"_links":{"self":[{"href":"https:\/\/gradski.me\/en\/wp-json\/wp\/v2\/posts\/847900","targetHints":{"allow":["GET"]}}],"collection":[{"href":"https:\/\/gradski.me\/en\/wp-json\/wp\/v2\/posts"}],"about":[{"href":"https:\/\/gradski.me\/en\/wp-json\/wp\/v2\/types\/post"}],"author":[{"embeddable":true,"href":"https:\/\/gradski.me\/en\/wp-json\/wp\/v2\/users\/1"}],"replies":[{"embeddable":true,"href":"https:\/\/gradski.me\/en\/wp-json\/wp\/v2\/comments?post=847900"}],"version-history":[{"count":0,"href":"https:\/\/gradski.me\/en\/wp-json\/wp\/v2\/posts\/847900\/revisions"}],"wp:featuredmedia":[{"embeddable":true,"href":"https:\/\/gradski.me\/en\/wp-json\/wp\/v2\/media\/733241"}],"wp:attachment":[{"href":"https:\/\/gradski.me\/en\/wp-json\/wp\/v2\/media?parent=847900"}],"wp:term":[{"taxonomy":"category","embeddable":true,"href":"https:\/\/gradski.me\/en\/wp-json\/wp\/v2\/categories?post=847900"},{"taxonomy":"post_tag","embeddable":true,"href":"https:\/\/gradski.me\/en\/wp-json\/wp\/v2\/tags?post=847900"},{"taxonomy":"naslovna","embeddable":true,"href":"https:\/\/gradski.me\/en\/wp-json\/wp\/v2\/naslovna?post=847900"}],"curies":[{"name":"wp","href":"https:\/\/api.w.org\/{rel}","templated":true}]}}