{"id":847863,"date":"2025-10-09T00:50:04","date_gmt":"2025-10-08T22:50:04","guid":{"rendered":"https:\/\/gradski.me\/?p=847863"},"modified":"2025-10-09T00:50:04","modified_gmt":"2025-10-08T22:50:04","slug":"objavljena-prepiska-bice-malo-pisanje-u-rozaje-nocas-bjezite-turci-selite-se-i-neizbjezne-4s","status":"publish","type":"post","link":"https:\/\/gradski.me\/en\/hronika\/objavljena-prepiska-bice-malo-pisanje-u-rozaje-nocas-bjezite-turci-selite-se-i-neizbjezne-4s\/","title":{"rendered":"Objavljena prepiska: Bi\u0107e malo pisanje u Ro\u017eaje no\u0107as&#8230; Bje\u017eite turci&#8230; Selite se..I neizbje\u017ene 4s"},"content":{"rendered":"<p>Ranije su \u201cVijesti\u201d objavile komunikaciju iz skaj aplikacije na osnovu \u010dega je po zavr\u0161etku izbora 2020. godine biv\u0161i policajac i agent Petar Lazovi\u0107 organizovao da se Pljevlja iscrtaju srpskim simbolima, kako bi izazvao me\u0111unacionalnu netrpeljivost u tom gradu na sjeveru Crne Gore.<\/p>\n\n\n\n<p>Nakon \u0161to su \u201ccrta\u010di\u201d grafita uhap\u0161eni, tra\u017eio je od tada\u0161njeg \u0161efa Specijalnog policijskog odeljenja Dragana Radonji\u0107 da prema njima blago postupa, na \u0161to je ovaj i pristao, proizilazi iz transkripata njihove komunikacije, koju su prenijele \u201cVijesti\u201d.<\/p>\n\n\n\n<p>Trenutno pritvoreni Petar Lazovi\u0107 je od Darka \u0160ari\u0107a tra\u017eio da njegova ekipa iscrta Pljevlja krstom sa \u010detiri ocila.<\/p>\n\n\n\n<p>Ova akcija je uslijedila nakon \u0161to su prebrojani glasovi na izborima 30. avgusta 2020. godine, na kojima je Demokratska partija socijalista nakon tri decenije izgubila vlast.<\/p>\n\n\n\n<p>Podsjetimo, odlukom sudije za istragu Vi\u0161eg suda prije dva dana biznismenu Aleksandru Mijajlovi\u0107u i biv\u0161em oficiru policije Dragu Spi\u010danovi\u0107u odre\u0111en je pritvor do 30 dana, tu\u017eiteljki Andrijani Nasti\u0107 oduzete su putne isprave, a policajcu Vladanu Lazovi\u0107u i biv\u0161em funkcioneru policije Milovanu Pavi\u0107evi\u0107u odre\u0111ena je mjera zadr\u017eavanja u stanu.<\/p>\n\n\n\n<p>Nezvani\u010dno, njih SDT tereti da su radili protiv bezbjednosnog sistema i stvarali kriminalnu organizaciju.<\/p>\n\n\n\n<p>Biv\u0161i ministar odbrane i nekada\u0161nji poslanik Demokratske partije socijalista Predrag Bo\u0161kovi\u0107 brani\u0107e se sa slobode, odluka je sudije za istragu.<\/p>","protected":false},"excerpt":{"rendered":"<p>Nekada\u0161nji \u0161ef kontraobavje\u0161tajne za\u0161tite ANB-a i trenutno okrivljeni Drago Spi\u010danovi\u0107 najavio je 1. septembra 2020. godine biznismenu i tako\u0111e okrivljenom za stvaranje kriminalne grupe Aleksandru Mijajlovi\u0107u aktivnosti sa ciljem izazivanja vjerske i nacionalne netrpeljivosti u Ro\u017eajama. &#8222;Bi\u0107e malo pisanje u Ro\u017eaje no\u0107as&#8230; Bje\u017eite turci&#8230; Selite se&#8230; I neizbjezne 4s&#8220;, poruka je koju Spi\u010danovi\u0107 \u0161alje Mijajlovi\u0107u.<\/p>","protected":false},"author":1,"featured_media":847864,"comment_status":"open","ping_status":"open","sticky":false,"template":"","format":"standard","meta":{"_acf_changed":false,"footnotes":"","jetpack_publicize_message":"","jetpack_publicize_feature_enabled":true,"jetpack_social_post_already_shared":false,"jetpack_social_options":{"image_generator_settings":{"template":"highway","default_image_id":0,"font":"","enabled":false},"version":2}},"categories":[10],"tags":[8875,183],"naslovna":[],"class_list":["post-847863","post","type-post","status-publish","format-standard","has-post-thumbnail","hentry","category-hronika","tag-grafiti","tag-sdt"],"acf":[],"jetpack_publicize_connections":[],"_links":{"self":[{"href":"https:\/\/gradski.me\/en\/wp-json\/wp\/v2\/posts\/847863","targetHints":{"allow":["GET"]}}],"collection":[{"href":"https:\/\/gradski.me\/en\/wp-json\/wp\/v2\/posts"}],"about":[{"href":"https:\/\/gradski.me\/en\/wp-json\/wp\/v2\/types\/post"}],"author":[{"embeddable":true,"href":"https:\/\/gradski.me\/en\/wp-json\/wp\/v2\/users\/1"}],"replies":[{"embeddable":true,"href":"https:\/\/gradski.me\/en\/wp-json\/wp\/v2\/comments?post=847863"}],"version-history":[{"count":0,"href":"https:\/\/gradski.me\/en\/wp-json\/wp\/v2\/posts\/847863\/revisions"}],"wp:featuredmedia":[{"embeddable":true,"href":"https:\/\/gradski.me\/en\/wp-json\/wp\/v2\/media\/847864"}],"wp:attachment":[{"href":"https:\/\/gradski.me\/en\/wp-json\/wp\/v2\/media?parent=847863"}],"wp:term":[{"taxonomy":"category","embeddable":true,"href":"https:\/\/gradski.me\/en\/wp-json\/wp\/v2\/categories?post=847863"},{"taxonomy":"post_tag","embeddable":true,"href":"https:\/\/gradski.me\/en\/wp-json\/wp\/v2\/tags?post=847863"},{"taxonomy":"naslovna","embeddable":true,"href":"https:\/\/gradski.me\/en\/wp-json\/wp\/v2\/naslovna?post=847863"}],"curies":[{"name":"wp","href":"https:\/\/api.w.org\/{rel}","templated":true}]}}