{"id":847774,"date":"2025-10-08T22:19:00","date_gmt":"2025-10-08T20:19:00","guid":{"rendered":"https:\/\/gradski.me\/?p=847774"},"modified":"2025-10-08T22:19:00","modified_gmt":"2025-10-08T20:19:00","slug":"brutalni-napad-na-njemacku-gradonacelnicu","status":"publish","type":"post","link":"https:\/\/gradski.me\/en\/svijet\/brutalni-napad-na-njemacku-gradonacelnicu\/","title":{"rendered":"Brutalni napad na njema\u010dku gradona\u010delnicu"},"content":{"rendered":"<p>Prema izjavama policije i tu\u017eila\u0161tva<strong>,<\/strong> sumnja se da se radi o<strong> <\/strong>te\u0161kom porodi\u010dnom sukobu<strong> <\/strong>koji je kulminirao fizi\u010dkim napadom no\u017eem. Istraga je jo\u0161 u toku, no ve\u0107 sada se otkrivaju uznemiruju\u0107i detalji o naru\u0161enim porodi\u010dnim odnosima i ranijim incidentima koji su mo\u017eda prethodili tom nasilnom \u010dinu.<\/p>\n\n\n\n<p>Iako je u po\u010detku bilo govora o poku\u0161aju ubistva, dr\u017eavno pravobranila\u0161tvo sada slu\u010daj pravno tretira kao <strong>\u201e<\/strong>opasnu tjelesnu povredu&#8220;. Gradona\u010delnica je prevezena u bolnicu sa te\u0161kim, ali ne po \u017eivot opasnim povredama<strong>.<\/strong> Trenutno se nalazi izvan \u017eivotne opasnosti, ali ostaje pod nadzorom doktora, pi\u0161u njema\u010dki mediji.<\/p>\n\n\n\n<p>Nakon napada, obje maloljetne osobe su preuzete od strane nadle\u017enih institucija za za\u0161titu djece. Na pitanje za\u0161to nisu ostavljeni sa ocem, iz kriminalisti\u010dkog sektora su kazali da imaju saznanje da je<strong> <\/strong>i otac u pro\u0161losti bio \u017ertva nasilja.<\/p>\n\n\n\n<p>Ova izjava otvara dodatna pitanja o potencijalnim vi\u0161egodi\u0161njim problemima unutar porodice Stalzer te mogu\u0107em propustu nadle\u017enih tijela da na vrijeme reagiraju.<\/p>\n\n\n\n<p>Oboje djece, djevojka (17) i mladi\u0107 (15), pu\u0161teni su iz policijskog pritvora i predani socijalnim slu\u017ebama, gdje \u0107e se dalje odlu\u010divati o njihovom starateljstvu.<\/p>\n\n\n\n<p>Njema\u010dki mediji pi\u0161u da je ovaj slu\u010daj ponovo otvario va\u017eno pitanje o funkcionisanju sistema socijalne slu\u017ebe u Njema\u010dkoj, posebno kada su uklju\u010dena maloljetna djeca i prijave nasilja unutar porodice.<\/p>","protected":false},"excerpt":{"rendered":"<p>Novoizabrana gradona\u010delnica Iris Stalzer brutalno je napadnuta u vlastitom domu, a kao napada\u010dicu je policiji identifikovala njenu usvojenu 17-godi\u0161nju k\u0107erku. Prethodno je u fokusu istrage bio usvojeni sin gradona\u010delnice.<\/p>","protected":false},"author":1,"featured_media":847780,"comment_status":"open","ping_status":"open","sticky":false,"template":"","format":"standard","meta":{"_acf_changed":false,"footnotes":"","jetpack_publicize_message":"","jetpack_publicize_feature_enabled":true,"jetpack_social_post_already_shared":false,"jetpack_social_options":{"image_generator_settings":{"template":"highway","default_image_id":0,"font":"","enabled":false},"version":2}},"categories":[14],"tags":[8863,1587,673],"naslovna":[],"class_list":["post-847774","post","type-post","status-publish","format-standard","has-post-thumbnail","hentry","category-svijet","tag-gradonacelnica","tag-napad","tag-njemacka"],"acf":[],"jetpack_publicize_connections":[],"_links":{"self":[{"href":"https:\/\/gradski.me\/en\/wp-json\/wp\/v2\/posts\/847774","targetHints":{"allow":["GET"]}}],"collection":[{"href":"https:\/\/gradski.me\/en\/wp-json\/wp\/v2\/posts"}],"about":[{"href":"https:\/\/gradski.me\/en\/wp-json\/wp\/v2\/types\/post"}],"author":[{"embeddable":true,"href":"https:\/\/gradski.me\/en\/wp-json\/wp\/v2\/users\/1"}],"replies":[{"embeddable":true,"href":"https:\/\/gradski.me\/en\/wp-json\/wp\/v2\/comments?post=847774"}],"version-history":[{"count":0,"href":"https:\/\/gradski.me\/en\/wp-json\/wp\/v2\/posts\/847774\/revisions"}],"wp:featuredmedia":[{"embeddable":true,"href":"https:\/\/gradski.me\/en\/wp-json\/wp\/v2\/media\/847780"}],"wp:attachment":[{"href":"https:\/\/gradski.me\/en\/wp-json\/wp\/v2\/media?parent=847774"}],"wp:term":[{"taxonomy":"category","embeddable":true,"href":"https:\/\/gradski.me\/en\/wp-json\/wp\/v2\/categories?post=847774"},{"taxonomy":"post_tag","embeddable":true,"href":"https:\/\/gradski.me\/en\/wp-json\/wp\/v2\/tags?post=847774"},{"taxonomy":"naslovna","embeddable":true,"href":"https:\/\/gradski.me\/en\/wp-json\/wp\/v2\/naslovna?post=847774"}],"curies":[{"name":"wp","href":"https:\/\/api.w.org\/{rel}","templated":true}]}}