{"id":847660,"date":"2025-10-08T21:19:00","date_gmt":"2025-10-08T19:19:00","guid":{"rendered":"https:\/\/gradski.me\/?p=847660"},"modified":"2025-10-08T21:19:00","modified_gmt":"2025-10-08T19:19:00","slug":"evropsko-tuzilastvo-istrazuje-direktore-hrvatskih-bolnica-zbog-pronevjere-novca","status":"publish","type":"post","link":"https:\/\/gradski.me\/en\/region\/evropsko-tuzilastvo-istrazuje-direktore-hrvatskih-bolnica-zbog-pronevjere-novca\/","title":{"rendered":"Evropsko tu\u017eila\u0161tvo istra\u017euje direktore hrvatskih bolnica zbog pronevjere novca"},"content":{"rendered":"<p>Evropsko tu\u017eila\u0161tvo u saradnji s policijom od jutra prikuplja dokaze i sprovodi druge mjere iz svoje nadle\u017enosti u Op\u0161toj bolnici Vara\u017edin i Specijalnoj bolnici za medicinsku rehabilitaciju Vara\u017edinske Toplice.<\/p>\n\n\n\n<p>Hrvatski mediji navode da niko nije uhap\u0161en, ve\u0107 da se po nalogu Kancelarije evropskog javnog tu\u017eila\u0161tva (EPPO), koje vodi tu\u017eiteljka Laura Kove\u0161i, pretra\u017euju kancelarije i domovi potencijalnih osumnji\u010denih, kao i da su im istra\u017eitelji uzeli mobilne ure\u0111aje.<\/p>\n\n\n\n<p>Spominje se i da je Evropsko tu\u017eila\u0161tvo u prostorima Vara\u017edinske \u017eupanije koja je osniva\u010da Specijalne bolnice u Vara\u017edinskim Toplicama.<\/p>\n\n\n\n<p>Lokalni mediji objavili su fotografiju tu\u017eila\u010dkog vozila zagreba\u010dke registracije kod prostora Vara\u017edinske \u017eupanije.<\/p>\n\n\n\n<p>Nezvani\u010dno se saznaje da je rije\u010d o istra\u017enim radnjama o navodnoj zloupotrebi novca iz fondova Evropske unije pri obnovi Op\u0161te bolnice Vara\u017edin i Specijalne bolnice za medicinsku rehabilitaciju u Vara\u017edinskim Toplicama.<\/p>\n\n\n\n<p><\/p>","protected":false},"excerpt":{"rendered":"<p>Istra\u017eitelji Evropskog tu\u017eila\u0161tva u saradnji s hrvatskom policijom pretra\u017euju kancelarije i ku\u0107e osumnji\u010denih za zloupotrebu novca iz fondova Evropske unije pri obnovi dvije bolnice. Prema nezvani\u010dnim informacijama, istra\u017euju se direktori bolnica.<\/p>","protected":false},"author":1,"featured_media":577931,"comment_status":"open","ping_status":"open","sticky":false,"template":"","format":"standard","meta":{"_acf_changed":false,"footnotes":"","jetpack_publicize_message":"","jetpack_publicize_feature_enabled":true,"jetpack_social_post_already_shared":false,"jetpack_social_options":{"image_generator_settings":{"template":"highway","default_image_id":0,"font":"","enabled":false},"version":2}},"categories":[13],"tags":[6946,8852,722],"naslovna":[],"class_list":["post-847660","post","type-post","status-publish","format-standard","has-post-thumbnail","hentry","category-region","tag-bolnice","tag-evropsko-tuzilastvo","tag-hrvatska"],"acf":[],"jetpack_publicize_connections":[],"_links":{"self":[{"href":"https:\/\/gradski.me\/en\/wp-json\/wp\/v2\/posts\/847660","targetHints":{"allow":["GET"]}}],"collection":[{"href":"https:\/\/gradski.me\/en\/wp-json\/wp\/v2\/posts"}],"about":[{"href":"https:\/\/gradski.me\/en\/wp-json\/wp\/v2\/types\/post"}],"author":[{"embeddable":true,"href":"https:\/\/gradski.me\/en\/wp-json\/wp\/v2\/users\/1"}],"replies":[{"embeddable":true,"href":"https:\/\/gradski.me\/en\/wp-json\/wp\/v2\/comments?post=847660"}],"version-history":[{"count":0,"href":"https:\/\/gradski.me\/en\/wp-json\/wp\/v2\/posts\/847660\/revisions"}],"wp:featuredmedia":[{"embeddable":true,"href":"https:\/\/gradski.me\/en\/wp-json\/wp\/v2\/media\/577931"}],"wp:attachment":[{"href":"https:\/\/gradski.me\/en\/wp-json\/wp\/v2\/media?parent=847660"}],"wp:term":[{"taxonomy":"category","embeddable":true,"href":"https:\/\/gradski.me\/en\/wp-json\/wp\/v2\/categories?post=847660"},{"taxonomy":"post_tag","embeddable":true,"href":"https:\/\/gradski.me\/en\/wp-json\/wp\/v2\/tags?post=847660"},{"taxonomy":"naslovna","embeddable":true,"href":"https:\/\/gradski.me\/en\/wp-json\/wp\/v2\/naslovna?post=847660"}],"curies":[{"name":"wp","href":"https:\/\/api.w.org\/{rel}","templated":true}]}}