{"id":847627,"date":"2025-10-08T18:00:00","date_gmt":"2025-10-08T16:00:00","guid":{"rendered":"https:\/\/gradski.me\/?p=847627"},"modified":"2025-10-08T18:00:00","modified_gmt":"2025-10-08T16:00:00","slug":"herceg-novi-studentske-stipendije-uvecane-dva-i-po-puta","status":"publish","type":"post","link":"https:\/\/gradski.me\/en\/drustvo\/herceg-novi-studentske-stipendije-uvecane-dva-i-po-puta\/","title":{"rendered":"Herceg Novi: Studentske stipendije uve\u0107ane dva i po puta"},"content":{"rendered":"<p>Sekretarka za kulturu i obrazovanje Zambeli\u0107 Pi\u0161talo je kazala da Odluka predstavlja\u00a0sna\u017ean iskorak ka unaprje\u0111enju standarda studenata, daje dodatni podstrek njegovanju izvrsnosti i znanja u nauci i umjetnosti, te u mjeri mogu\u0107eg pru\u017ea podr\u0161ku Ministarstvu prosvjete, nauke i inovacija kada je rije\u010d o upitnim diplomama.<\/p>\n\n\n\n<p>-Dono\u0161enjem ove odluke nastoji se prepoznati i nagraditi najuspje\u0161niji u\u010denici, pru\u017eiti podr\u0161ka mladima koji se \u0161koluju za deficitarna zanimanja \u010dime se unapre\u0111uje kadrovska struktura lokalne zajednice, podsta\u0107i redovno i a\u017eurno \u0161kolovanje kroz uvo\u0111enje starosnih ograni\u010denja i dodatno stimulisati \u0161kolovanje djece iz ranjivih dru\u0161tvenih grupa\u201d, kazala je Zambeli\u0107 Pi\u0161talo.<\/p>\n\n\n\n<p>Pove\u0107anje mjese\u010dnog iznosa za stipendije sa 90 na 225 eura odnosi sena one koji studiraju izvan Herceg Novog, odnosno 135 za one koji studiraju u Herceg Novom.Time, kako je kazala sekretarka, lokalna uprava poma\u017ee smanjenju optere\u0107enja bud\u017eeta roditeljima studenata, te dodatno stimuli\u0161e mlade da ostvaruju bolji indeks uspjeha.<\/p>\n\n\n\n<p>Dobro je \u0161to \u0107e i studenti prve godine mo\u0107i da apliciraju za stipendiju, ukoliko su nosioci diplome Lu\u010da.<\/p>\n\n\n\n<p>\u201cTo predstavlja sistemsku mjeru afirmacije i podsti\u010de kontinuirano ulaganje u obrazovanje, te dodatno daje podr\u0161ku obrazovanju u strate\u0161ki va\u017enim oblastima omogu\u0107avaju\u0107i usmjereno investiranje u kadrove koji su klju\u010dni za odr\u017eivi razvoj zajednice\u201d.<\/p>\n\n\n\n<p>Odluka predstavlja i podr\u0161ku ranjivim skupinama za koje nije bitan prosjek, dok je za deficitarna zanimanja indeks uspje\u0161nosti osam i vi\u0161e.<\/p>\n\n\n\n<p>Kako je objasnila Zambeli\u0107-Pi\u0161talo, djeci&nbsp;Dje\u010djeg doma \u201eMladost\u201c, osobama bez oba roditelja, korisnicima materijalnog obezbje\u0111enja, socijalno ugro\u017eenim porodicama, Romima i Egip\u0107anima, te osobama sa invaliditetom se ne gleda prosjek. Oni treba samo da u kontinuitetu, iz godine u godinu, upisuju narednu godinu fakulteta.<\/p>","protected":false},"excerpt":{"rendered":"<p>Rijetko su odbornici u lokalnom parlamentu u Herceg Novom bili tako jednoglasni kao oko Odluke o stipendiranju studenata. Ona zna\u010di ne samo uve\u0107anje stipendija sa 90 na 225 eura. Rije\u010d je podr\u0161ci najboljima,ali i ranjivim grupama, brizi o deficitarnim kvalifikacijama za Herceg Novi, ve\u0107em obuhvatu\u00a0mladih koji \u0107e mo\u0107i da apliciraju za stipendiju.<\/p>","protected":false},"author":1,"featured_media":681741,"comment_status":"open","ping_status":"open","sticky":false,"template":"","format":"standard","meta":{"_acf_changed":false,"footnotes":"","jetpack_publicize_message":"","jetpack_publicize_feature_enabled":true,"jetpack_social_post_already_shared":false,"jetpack_social_options":{"image_generator_settings":{"template":"highway","default_image_id":0,"font":"","enabled":false},"version":2}},"categories":[9],"tags":[62,5121,3063],"naslovna":[],"class_list":["post-847627","post","type-post","status-publish","format-standard","has-post-thumbnail","hentry","category-drustvo","tag-herceg-novi","tag-stipendije","tag-studenti"],"acf":[],"jetpack_publicize_connections":[],"_links":{"self":[{"href":"https:\/\/gradski.me\/en\/wp-json\/wp\/v2\/posts\/847627","targetHints":{"allow":["GET"]}}],"collection":[{"href":"https:\/\/gradski.me\/en\/wp-json\/wp\/v2\/posts"}],"about":[{"href":"https:\/\/gradski.me\/en\/wp-json\/wp\/v2\/types\/post"}],"author":[{"embeddable":true,"href":"https:\/\/gradski.me\/en\/wp-json\/wp\/v2\/users\/1"}],"replies":[{"embeddable":true,"href":"https:\/\/gradski.me\/en\/wp-json\/wp\/v2\/comments?post=847627"}],"version-history":[{"count":0,"href":"https:\/\/gradski.me\/en\/wp-json\/wp\/v2\/posts\/847627\/revisions"}],"wp:featuredmedia":[{"embeddable":true,"href":"https:\/\/gradski.me\/en\/wp-json\/wp\/v2\/media\/681741"}],"wp:attachment":[{"href":"https:\/\/gradski.me\/en\/wp-json\/wp\/v2\/media?parent=847627"}],"wp:term":[{"taxonomy":"category","embeddable":true,"href":"https:\/\/gradski.me\/en\/wp-json\/wp\/v2\/categories?post=847627"},{"taxonomy":"post_tag","embeddable":true,"href":"https:\/\/gradski.me\/en\/wp-json\/wp\/v2\/tags?post=847627"},{"taxonomy":"naslovna","embeddable":true,"href":"https:\/\/gradski.me\/en\/wp-json\/wp\/v2\/naslovna?post=847627"}],"curies":[{"name":"wp","href":"https:\/\/api.w.org\/{rel}","templated":true}]}}