{"id":847594,"date":"2025-10-08T17:13:00","date_gmt":"2025-10-08T15:13:00","guid":{"rendered":"https:\/\/gradski.me\/?p=847594"},"modified":"2025-10-08T17:13:00","modified_gmt":"2025-10-08T15:13:00","slug":"hra-izbor-kandidata-za-sudije-ustavnog-suda-vazan-korak-naprijed","status":"publish","type":"post","link":"https:\/\/gradski.me\/en\/drustvo\/hra-izbor-kandidata-za-sudije-ustavnog-suda-vazan-korak-naprijed\/","title":{"rendered":"HRA: Izbor kandidata za sudije Ustavnog suda va\u017ean korak naprijed"},"content":{"rendered":"<p><br><\/p>\n\n\n\n<p><\/p>\n\n\n\n<p>Iz te nevladine organizacije (NVO) pozdravili su utvr\u0111ivanje dvoje kandidata za sudije Ustavnog suda na ju\u010dera\u0161njoj sjednici skup\u0161tinskog Ustavnog odbora.<\/p>\n\n\n\n<p>Ohrabruje to \u0161to su zeleno svjetlo za razmatranje u skup\u0161tinskom plenumu dobili zamjenica Za\u0161titnika ljudskih prava i sloboda Mirjana Radovi\u0107 i sudija Vi\u0161eg suda u Podgorici Jovan Jovanovi\u0107, koji nikad nijesu bili \u010dlanovi politi\u010dkih partija, niti je poznato da ih posebno prote\u017eira bilo koja politi\u010dka partija &#8211; rekli su iz HRA.<\/p>\n\n\n\n<p>U toj NVO smatraju da oba kandidata, pored toga \u0161to ispunjavaju uslove konkursa, i li\u010dnim integritetom i stru\u010dno\u0161\u0107u zaslu\u017euju izbor.<\/p>\n\n\n\n<p>Radovi\u0107 je, kako su kazali, sedam godina bila pravna savjetnica u HRA, a posljednjih osam godina provela je u instituciji Ombudsmana, prvo na funkciji savjetnice, a zatim zamjenice Ombudsmana.<\/p>\n\n\n\n<p>Samostalno je donijela vi\u0161e va\u017enih mi\u0161ljenja u slo\u017eenim predmetima u oblasti za\u0161tite od mu\u010denja i drugog zlostavljanja &#8211; navodi se u saop\u0161tenju.<\/p>\n\n\n\n<p>Iz HRA podsje\u0107aju da je Jovanovi\u0107 godinama bio sudija parni\u010dar u Osnovnom sudu u Ulcinju, a onda i krivi\u010dar u Vi\u0161em sudu u Podgorici.<\/p>\n\n\n\n<p>Prema njihovim rije\u010dima, \u0161iroka iskustva oba kandidata mogu da doprinesu potpunijem sagledavanju razli\u010ditih aspekata za\u0161tite ljudskih prava od strane Ustavnog suda.<\/p>\n\n\n\n<ul class=\"wp-block-list\"><\/ul>\n\n\n\n<p>Smatraju da o svim kandidatima poslanici treba javno da razgovaraju u Skup\u0161tini, na sjednicama Ustavnog odbora i u plenumu, umjesto zakulisnih dijaloga i kritika na dru\u0161tvenim mre\u017eama.<\/p>\n\n\n\n<p>Utvr\u0111ivanje kandidata je va\u017ean korak ka popunjavanju Ustavnog suda i djelotvornoj za\u0161titi ljudskih prava, ustavnosti i zakonitosti. Kompletiranje Ustavnog suda je neophodno i za napredak Crne Gore ka Evropskoj uniji (EU) &#8211; stoji u saop\u0161tenju.<\/p>\n\n\n\n<p>Ustavom je, precizirali su iz HRA, propisano da Ustavni sud ima sedam sudija.<\/p>\n\n\n\n<p>Sada ih je \u010detvoro, od kojih jedna sutkinja u decembru napu\u0161ta funkciju. To zna\u010di da je potrebno izabrati \u010detvoro sudija, dvoje na predlog skup\u0161tinskog Ustavnog odbora i dvoje na predlog predsjednika dr\u017eave &#8211; pi\u0161e u saop\u0161tenju.<\/p>\n\n\n\n<p>HRA, kako su poru\u010dili iz te NVO, o\u010dekuje da Skup\u0161tina \u0161to prije izabere sve potrebne sudije i ubrza put dr\u017eave ka EU.<\/p>","protected":false},"excerpt":{"rendered":"<p>Utvr\u0111ivanje kandidata za sudije Ustavnog suda va\u017ean je korak ka popunjavanju tog suda i djelotvornoj za\u0161titi ljudskih prava, ustavnosti i zakonitosti, saop\u0161tili su iz Akcije za ljudska prava (HRA).<\/p>","protected":false},"author":1,"featured_media":659809,"comment_status":"open","ping_status":"open","sticky":false,"template":"","format":"standard","meta":{"_acf_changed":false,"footnotes":"","jetpack_publicize_message":"","jetpack_publicize_feature_enabled":true,"jetpack_social_post_already_shared":false,"jetpack_social_options":{"image_generator_settings":{"template":"highway","default_image_id":0,"font":"","enabled":false},"version":2}},"categories":[9],"tags":[2339,8829,1369],"naslovna":[],"class_list":["post-847594","post","type-post","status-publish","format-standard","has-post-thumbnail","hentry","category-drustvo","tag-hra","tag-izbor-kandidata","tag-ustavni-sud"],"acf":[],"jetpack_publicize_connections":[],"_links":{"self":[{"href":"https:\/\/gradski.me\/en\/wp-json\/wp\/v2\/posts\/847594","targetHints":{"allow":["GET"]}}],"collection":[{"href":"https:\/\/gradski.me\/en\/wp-json\/wp\/v2\/posts"}],"about":[{"href":"https:\/\/gradski.me\/en\/wp-json\/wp\/v2\/types\/post"}],"author":[{"embeddable":true,"href":"https:\/\/gradski.me\/en\/wp-json\/wp\/v2\/users\/1"}],"replies":[{"embeddable":true,"href":"https:\/\/gradski.me\/en\/wp-json\/wp\/v2\/comments?post=847594"}],"version-history":[{"count":0,"href":"https:\/\/gradski.me\/en\/wp-json\/wp\/v2\/posts\/847594\/revisions"}],"wp:featuredmedia":[{"embeddable":true,"href":"https:\/\/gradski.me\/en\/wp-json\/wp\/v2\/media\/659809"}],"wp:attachment":[{"href":"https:\/\/gradski.me\/en\/wp-json\/wp\/v2\/media?parent=847594"}],"wp:term":[{"taxonomy":"category","embeddable":true,"href":"https:\/\/gradski.me\/en\/wp-json\/wp\/v2\/categories?post=847594"},{"taxonomy":"post_tag","embeddable":true,"href":"https:\/\/gradski.me\/en\/wp-json\/wp\/v2\/tags?post=847594"},{"taxonomy":"naslovna","embeddable":true,"href":"https:\/\/gradski.me\/en\/wp-json\/wp\/v2\/naslovna?post=847594"}],"curies":[{"name":"wp","href":"https:\/\/api.w.org\/{rel}","templated":true}]}}