{"id":847537,"date":"2025-10-08T16:01:00","date_gmt":"2025-10-08T14:01:00","guid":{"rendered":"https:\/\/gradski.me\/?p=847537"},"modified":"2025-10-08T16:01:00","modified_gmt":"2025-10-08T14:01:00","slug":"cnp-dugotrajni-aplauz-i-ovacije-za-nalicje-na-sarajevskom-mess-u","status":"publish","type":"post","link":"https:\/\/gradski.me\/en\/drustvo\/cnp-dugotrajni-aplauz-i-ovacije-za-nalicje-na-sarajevskom-mess-u\/","title":{"rendered":"CNP: Dugotrajni aplauz i ovacije za \u201cNali\u010dje\u201d na sarajevskom MESS-u"},"content":{"rendered":"<p>Nihad Kre\u0161evljakovi\u0107, direktor i selektor MESS-a je istakao da kroz predstavu Crnogorskog narodnog pozori\u0161ta svjedo\u010dimo ne\u010demu \u0161to je realnost ovog prostora.<\/p>\n\n\n\n<p>\u201eKada smo najavljivali festival i istakli da se bavimo razli\u010ditim temama, od polo\u017eaja \u017eena, pitanja onoga \u0161to nosi kapitalizam, ispitivanja ljudskih granica, identiteta koji se nalazi u statistikama, u tom kontekstu ova predstava na ta\u010dan i vrlo dobar na\u010din prikazuje realnost i poziva ljude na me\u0111usobno saosje\u0107anje, kako bi se suprotstavili onome \u0161to je, na\u017ealost, na\u0161a svakodnevica\u201c, naveo je Kre\u0161evljakovi\u0107.<\/p>\n\n\n\n<p>Reditelj Boris Lije\u0161evi\u0107 je izjavio da, \u0161ta god da radi, cilj njegovog djelovanja jeste da se dopre do srca, do svijesti i do saosje\u0107anja ljudi.<\/p>\n\n\n\n<p>\u201eOva predstava je mra\u010dna, jer prilazi stvarnosti s druge strane, poku\u0161ava da osvijetli i da poka\u017ee manipulacije, odnosno nali\u010dje onoga \u0161to mi \u017eivimo kad mislimo da \u017eivimo u nekom dru\u0161tvu koje napreduje, koje se bavi ekologijom i \u017eivotnom sredinom, a zapravo iza svega toga stoje karteli\u201c, ka\u017ee Lije\u0161evi\u0107.<\/p>\n\n\n\n<p>Marija Sarap, umjetni\u010dka direktorica CNP-a kazala je da je vi\u0161e nego zadovoljna \u0161to je predstava selektovana za u\u010de\u0161\u0107e na ovogodi\u0161njem MESS-u.<\/p>\n\n\n\n<p>\u201eS obzirom na nagrade za \u201eNali\u010dje\u201c na Sterijinom pozorju, na festivalu u Banjaluci, ovo je samo dalji korak u \u017eivotu ove predstave i nastavak koji treba da svima nama u okru\u017eenju bude sasvim prirodan, da budemo jedni uz druge, da blisko sara\u0111ujemo. Publika je ve\u010deras mogla da vidi ne\u0161to \u0161to smo gradili i \u0161to je na\u0161e i lice i nali\u010dje, kako na\u0161e tako i svih zemalja u okru\u017eenju\u201c, rekla je Sarap.<\/p>\n\n\n\n<p>Franko Ugaro, direktor Akademije Mediterranea dell&#8217;Attore iz Le\u0107ea je kazao da je impresioniran predstavom.<\/p>\n\n\n\n<p>\u201eImao sam mali uvid u ono \u0161to Crnogorsko narodno pozori\u0161te radi, ali ovaj komad je tako va\u017ean u ovom trenutku, za dru\u0161tvo, za teatar tako\u0111e, jer tema kriminala je krucijalna tema na\u0161eg vremena\u201c, rekao je Ugaro.<\/p>\n\n\n\n<p>\u201eNali\u010dje\u201c govori o savremenom crnogorskom dru\u0161tvu: o vremenu u kojem vrijednost novca potiskuje sve druge vrijednosti, a du\u017eni\u010dka stvarnost razotkriva rastu\u0107u granicu moralne tolerancije.<\/p>\n\n\n\n<p>Predstava je na ovogodi\u0161njem 70. Sterijinom pozorju u Novom Sadu osvojila \u010dak dvije nagrade: Sterijina nagrada za gluma\u010dko ostvarenje pripala je Aleksandru Radulovi\u0107u za ulogu Vuka, dok je Sterijinu nagradu za re\u017eiju osvojio Boris Lije\u0161evi\u0107. Tako\u0111e, predstava je osvojila dvije nagrade i na 27. Teatar festu \u201cPetar Ko\u010di\u0107\u201c u Banjoj Luci i to: Specijalnu nagradu za vizuelni identitet predstave, za scenografiju i kostim, kao i nagradu&nbsp;\u201cKorak u hrabrost\u201c za predstavu u cjelini.<\/p>\n\n\n\n<p>Uloge u predstavi tuma\u010de: Aleksandar Radulovi\u0107, Lazar \u0110ur\u0111evi\u0107, Kristina Obradovi\u0107, \u017dana Garda\u0161evi\u0107-Bulatovi\u0107, Nada Vuk\u010devi\u0107, Jadranka Mami\u0107, Danilo \u010celebi\u0107, Zoran Vujovi\u0107, Ana Vujo\u0161evi\u0107, Mirjana Spai\u0107, Tihana \u0106ulafi\u0107, Jelena Mini\u0107, Jelena Nenezi\u0107, Sanja Vujisi\u0107, Julija Mila\u010di\u0107 Petrovi\u0107 Njego\u0161, Jovan Dabovi\u0107, Jovana Brnovi\u0107 i An\u0111ela Marunovi\u0107.<\/p>\n\n\n\n<p>Dramaturzi predstave su Stela Mi\u0161kovi\u0107 i Stefan Bo\u0161kovi\u0107, kostimografkinja je Lejla Hod\u017ei\u0107, scenografkinja Andreja Rondovi\u0107, kompozitorka Nina Perovi\u0107, koreografkinja Tamara Vujo\u0161evi\u0107 Mandi\u0107, asistentkinje re\u017eije Nata\u0161a Mili\u0107evi\u0107 i Mirjana Spai\u0107, asistentkinja scenografije Jelena Ivan\u010devi\u0107, asistentkinja kostimografkinje Gordana Bulatovi\u0107, a izvr\u0161ni producent Danilo Milatovi\u0107.<\/p>","protected":false},"excerpt":{"rendered":"<p>Predstava \u201cNali\u010dje\u201d, autorski projekat reditelja Borisa Lije\u0161evi\u0107a, izvedena je sino\u0107 na Velikoj sceni Narodnog pozori\u0161ta Sarajevo u okviru takmi\u010darske selekcije 65. Internacionalnog teatarskog festivala MESS. Publika je, nakon\u00a0 izuzetnog izvo\u0111enja, nagradila ansambl predstave dugotrajnim aplauzima i ovacijama.<\/p>","protected":false},"author":1,"featured_media":847538,"comment_status":"open","ping_status":"open","sticky":false,"template":"","format":"standard","meta":{"_acf_changed":false,"footnotes":"","jetpack_publicize_message":"","jetpack_publicize_feature_enabled":true,"jetpack_social_post_already_shared":false,"jetpack_social_options":{"image_generator_settings":{"template":"highway","default_image_id":0,"font":"","enabled":false},"version":2}},"categories":[9],"tags":[1036,1153,8821,8436,765],"naslovna":[],"class_list":["post-847537","post","type-post","status-publish","format-standard","has-post-thumbnail","hentry","category-drustvo","tag-cnp","tag-film","tag-mess","tag-nalicje","tag-sarajevo"],"acf":[],"jetpack_publicize_connections":[],"_links":{"self":[{"href":"https:\/\/gradski.me\/en\/wp-json\/wp\/v2\/posts\/847537","targetHints":{"allow":["GET"]}}],"collection":[{"href":"https:\/\/gradski.me\/en\/wp-json\/wp\/v2\/posts"}],"about":[{"href":"https:\/\/gradski.me\/en\/wp-json\/wp\/v2\/types\/post"}],"author":[{"embeddable":true,"href":"https:\/\/gradski.me\/en\/wp-json\/wp\/v2\/users\/1"}],"replies":[{"embeddable":true,"href":"https:\/\/gradski.me\/en\/wp-json\/wp\/v2\/comments?post=847537"}],"version-history":[{"count":0,"href":"https:\/\/gradski.me\/en\/wp-json\/wp\/v2\/posts\/847537\/revisions"}],"wp:featuredmedia":[{"embeddable":true,"href":"https:\/\/gradski.me\/en\/wp-json\/wp\/v2\/media\/847538"}],"wp:attachment":[{"href":"https:\/\/gradski.me\/en\/wp-json\/wp\/v2\/media?parent=847537"}],"wp:term":[{"taxonomy":"category","embeddable":true,"href":"https:\/\/gradski.me\/en\/wp-json\/wp\/v2\/categories?post=847537"},{"taxonomy":"post_tag","embeddable":true,"href":"https:\/\/gradski.me\/en\/wp-json\/wp\/v2\/tags?post=847537"},{"taxonomy":"naslovna","embeddable":true,"href":"https:\/\/gradski.me\/en\/wp-json\/wp\/v2\/naslovna?post=847537"}],"curies":[{"name":"wp","href":"https:\/\/api.w.org\/{rel}","templated":true}]}}