{"id":847409,"date":"2025-10-08T12:59:00","date_gmt":"2025-10-08T10:59:00","guid":{"rendered":"https:\/\/gradski.me\/?p=847409"},"modified":"2025-10-08T12:59:00","modified_gmt":"2025-10-08T10:59:00","slug":"ura-sa-bivsim-radnicima-kosute-i-polimke-obestetiti-sve-zaposlene-u-drzavnim-preduzecima-koja-su-posla-u-stecaj","status":"publish","type":"post","link":"https:\/\/gradski.me\/en\/drustvo\/ura-sa-bivsim-radnicima-kosute-i-polimke-obestetiti-sve-zaposlene-u-drzavnim-preduzecima-koja-su-posla-u-stecaj\/","title":{"rendered":"URA sa biv\u0161im radnicima &#8222;Ko\u0161ute&#8220; i &#8222;Polimke&#8220;: Obe\u0161tetiti sve zaposlene u dr\u017eavnim preduze\u0107ima koja su po\u0161la u ste\u010daj"},"content":{"rendered":"<p><\/p>\n\n\n\n<p>Poslanici URE su ranije najavili da \u0107e na jesenjem zasijedanju Skup\u0161tine Crne Gore predlo\u017eiti Zakon o ostvarivanju prava na finansijsku podr\u0161ku licima koja su bila zaposlena u privrednim dru\u0161tvima u \u010dijoj vlasni\u010dkoj strukturi je bila dr\u017eava i taj zakon \u0107e se odnositi na sve biv\u0161e zaposlene bez izuzetaka, navode iz GP URA.<\/p>\n\n\n\n<p>Kao dio vlasti 2021. godine URA je bila jedan od donosilaca Zakona o obe\u0161te\u0107enju biv\u0161ih zaposlenih u metalskoj i rudarskoj industriji, dok smo kao opozicija ove 2025. godine podr\u017eali zakon kojim su se obe\u0161tetili biv\u0161i zaposleni u drvoprera\u0111iva\u010dkoj i \u0161umarskoj industriji, a sada je red da se donese zakon kojim \u0107e se obe\u0161tetiti i svi drugi biv\u0161i zaposleni dr\u017eavnih preduze\u0107a koja su po\u0161la u ste\u010daj&#8220;, poru\u010dio je ne sastanku poslanik URE Milo\u0161 Konatar.<\/p>\n\n\n\n<p>URA je sa ovim zapo\u010dela razgovore sa predstavnicima svih biv\u0161ih zaposlenih u dr\u017eavnim preduze\u0107ima koja su po\u0161la u ste\u010daj kako bi zajedno do\u0161li do zakona kojim se ispravlja vi\u0161edecenijska nepravda prema njima. ,,Dakle, nakon radnika metalske, rudarske, drvoprera\u0111iva\u010dke i \u0161umarske industrije, sada je red da se obe\u0161tete i biv\u0161i zaposleni iz svih ostalih sektora nekada\u0161njih dr\u017eavnih preduze\u0107a&#8220;, zaklju\u010dili su iz URE i pozvali sve biv\u0161e zaposlene da im se obrate kako bi u krajnjem imali \u0161to adekvatnije zakonsko rje\u0161enje.<br><\/p>","protected":false},"excerpt":{"rendered":"<p>Poslanici Gra\u0111anskog pokreta URA Zoran Miki\u0107 i Milo\u0161 Konatar sastali su se u Skup\u0161tini Crne Gore sa radnicima &#8222;Ko\u0161ute&#8220; sa Cetinja i &#8222;Polimke&#8220; iz Berana u vezi sa Zakonom o obe\u0161te\u0107enju biv\u0161ih zaposlenih u dr\u017eavnim preduze\u0107ima koja su po\u0161la u ste\u010daj, saop\u0161tili su iz Gra\u0111anskog pokreta URA.<\/p>","protected":false},"author":1,"featured_media":847413,"comment_status":"open","ping_status":"open","sticky":false,"template":"","format":"standard","meta":{"_acf_changed":false,"footnotes":"","jetpack_publicize_message":"","jetpack_publicize_feature_enabled":true,"jetpack_social_post_already_shared":false,"jetpack_social_options":{"image_generator_settings":{"template":"highway","default_image_id":0,"font":"","enabled":false},"version":2}},"categories":[9],"tags":[1181,71,8779,8780,8781,5604,8782],"naslovna":[],"class_list":["post-847409","post","type-post","status-publish","format-standard","has-post-thumbnail","hentry","category-drustvo","tag-bivsi-radnici","tag-gp-ura","tag-kosuta","tag-obestecenje","tag-polimka","tag-stecaj-2","tag-zaposleni-u-drzavnim-preduzecima"],"acf":[],"jetpack_publicize_connections":[],"_links":{"self":[{"href":"https:\/\/gradski.me\/en\/wp-json\/wp\/v2\/posts\/847409","targetHints":{"allow":["GET"]}}],"collection":[{"href":"https:\/\/gradski.me\/en\/wp-json\/wp\/v2\/posts"}],"about":[{"href":"https:\/\/gradski.me\/en\/wp-json\/wp\/v2\/types\/post"}],"author":[{"embeddable":true,"href":"https:\/\/gradski.me\/en\/wp-json\/wp\/v2\/users\/1"}],"replies":[{"embeddable":true,"href":"https:\/\/gradski.me\/en\/wp-json\/wp\/v2\/comments?post=847409"}],"version-history":[{"count":0,"href":"https:\/\/gradski.me\/en\/wp-json\/wp\/v2\/posts\/847409\/revisions"}],"wp:featuredmedia":[{"embeddable":true,"href":"https:\/\/gradski.me\/en\/wp-json\/wp\/v2\/media\/847413"}],"wp:attachment":[{"href":"https:\/\/gradski.me\/en\/wp-json\/wp\/v2\/media?parent=847409"}],"wp:term":[{"taxonomy":"category","embeddable":true,"href":"https:\/\/gradski.me\/en\/wp-json\/wp\/v2\/categories?post=847409"},{"taxonomy":"post_tag","embeddable":true,"href":"https:\/\/gradski.me\/en\/wp-json\/wp\/v2\/tags?post=847409"},{"taxonomy":"naslovna","embeddable":true,"href":"https:\/\/gradski.me\/en\/wp-json\/wp\/v2\/naslovna?post=847409"}],"curies":[{"name":"wp","href":"https:\/\/api.w.org\/{rel}","templated":true}]}}