{"id":847399,"date":"2025-10-08T12:39:00","date_gmt":"2025-10-08T10:39:00","guid":{"rendered":"https:\/\/gradski.me\/?p=847399"},"modified":"2025-10-08T12:39:00","modified_gmt":"2025-10-08T10:39:00","slug":"dps-politicka-optuznica-vladimira-novovica-se-raspala-u-paramparcad-na-progon-cemo-odgovoriti-svim-sredstvima","status":"publish","type":"post","link":"https:\/\/gradski.me\/en\/politika\/dps-politicka-optuznica-vladimira-novovica-se-raspala-u-paramparcad-na-progon-cemo-odgovoriti-svim-sredstvima\/","title":{"rendered":"DPS: Politi\u010dka optu\u017enica Vladimira Novovi\u0107a se raspala u parampar\u010dad, na progon \u0107emo odgovoriti svim sredstvima"},"content":{"rendered":"<p><br>&#8222;Pompezno najavljena akcija koja je pokrenuta u petak u sinhronizaciji sa podobnim medijima koji u kontinuitetu objavljuju tajne podatke \u2013 \u0161to je upravo meritum konstruisane optu\u017enice, do\u017eivjela je krah i kroz \u010dinjenicu da su \u010detvoro od \u0161est \u010dlanova navodne OKG ve\u0107 na slobodi&#8220;, navode iz DPS-a.<\/p>\n\n\n\n<p>I dok je, kako ka\u017eu, bezbjednosni sistem potu\u010den do nogu od strane organizovanih kriminalnih grupa koje se na &#8222;nezabilje\u017een na\u010din sprdaju i sa tu\u017eila\u0161tvom i sa policijom, tu\u017eila\u0161tvo i policija se bave registarskim tablicama i ispravno\u0161\u0107u prskalica za pranje \u0161ofer\u0161ajbne&#8220;.<\/p>\n\n\n\n<p>&#8222;Sve navedeno sugeri\u0161e da je na snazi brutalan politi\u010dki progon i poku\u0161aj uvo\u0111enja zemlje u stanje otvorene diktature. Na takvo kriminalno pona\u0161anje parlamentarne ve\u0107ine i tu\u017eila\u0161tva, koje ima za cilj da ugu\u0161i svaku kritiku, da gazi slobodu i nezavisnost medija, da beskrupulozno kr\u0161i ljudska prava, Demokratska partija socijalista \u0107e odgovoriti svim sredstvima&#8220;, saop\u0161tili su iz DPS-a.<\/p>\n\n\n\n<figure class=\"wp-block-embed is-type-wp-embed is-provider-gradski-portal wp-block-embed-gradski-portal\"><div class=\"wp-block-embed__wrapper\">\n<blockquote class=\"wp-embedded-content\" data-secret=\"ONw4YG5okJ\"><a href=\"https:\/\/gradski.me\/en\/pokrenut-krivicni-postupak-protiv-mijajlovica-i-ekipe\/\">Pokrenut krivi\u010dni postupak protiv Mijajlovi\u0107a i ekipe<\/a><\/blockquote><iframe class=\"wp-embedded-content\" sandbox=\"allow-scripts\" security=\"restricted\" style=\"position: absolute; visibility: hidden;\" title=\"&#132;Pokrenut krivi\u010dni postupak protiv Mijajlovi\u0107a i ekipe&#147; &#8212; Gradski portal\" src=\"https:\/\/gradski.me\/pokrenut-krivicni-postupak-protiv-mijajlovica-i-ekipe\/embed\/#?secret=62xqZLGFYb#?secret=ONw4YG5okJ\" data-secret=\"ONw4YG5okJ\" width=\"600\" height=\"338\" frameborder=\"0\" marginwidth=\"0\" marginheight=\"0\" scrolling=\"no\"><\/iframe>\n<\/div><\/figure>","protected":false},"excerpt":{"rendered":"<p>Politi\u010dka optu\u017enica Specijalnog dr\u017eavnog tu\u017eila\u0161tva, iza koje stoji Skaj tu\u017eilac Vladimir Novovi\u0107, a koja je najavljena kao najve\u0107a akcija do sada, u samo nekoliko dana raspala se u parampar\u010dad, smatraju iz Demokratske partije socijalista.<\/p>","protected":false},"author":1,"featured_media":627049,"comment_status":"open","ping_status":"open","sticky":false,"template":"","format":"standard","meta":{"_acf_changed":false,"footnotes":"","jetpack_publicize_message":"","jetpack_publicize_feature_enabled":true,"jetpack_social_post_already_shared":false,"jetpack_social_options":{"image_generator_settings":{"template":"highway","default_image_id":0,"font":"","enabled":false},"version":2}},"categories":[7],"tags":[88,183,5130],"naslovna":[],"class_list":["post-847399","post","type-post","status-publish","format-standard","has-post-thumbnail","hentry","category-politika","tag-dps","tag-sdt","tag-vladimir-novovic"],"acf":[],"jetpack_publicize_connections":[],"_links":{"self":[{"href":"https:\/\/gradski.me\/en\/wp-json\/wp\/v2\/posts\/847399","targetHints":{"allow":["GET"]}}],"collection":[{"href":"https:\/\/gradski.me\/en\/wp-json\/wp\/v2\/posts"}],"about":[{"href":"https:\/\/gradski.me\/en\/wp-json\/wp\/v2\/types\/post"}],"author":[{"embeddable":true,"href":"https:\/\/gradski.me\/en\/wp-json\/wp\/v2\/users\/1"}],"replies":[{"embeddable":true,"href":"https:\/\/gradski.me\/en\/wp-json\/wp\/v2\/comments?post=847399"}],"version-history":[{"count":0,"href":"https:\/\/gradski.me\/en\/wp-json\/wp\/v2\/posts\/847399\/revisions"}],"wp:featuredmedia":[{"embeddable":true,"href":"https:\/\/gradski.me\/en\/wp-json\/wp\/v2\/media\/627049"}],"wp:attachment":[{"href":"https:\/\/gradski.me\/en\/wp-json\/wp\/v2\/media?parent=847399"}],"wp:term":[{"taxonomy":"category","embeddable":true,"href":"https:\/\/gradski.me\/en\/wp-json\/wp\/v2\/categories?post=847399"},{"taxonomy":"post_tag","embeddable":true,"href":"https:\/\/gradski.me\/en\/wp-json\/wp\/v2\/tags?post=847399"},{"taxonomy":"naslovna","embeddable":true,"href":"https:\/\/gradski.me\/en\/wp-json\/wp\/v2\/naslovna?post=847399"}],"curies":[{"name":"wp","href":"https:\/\/api.w.org\/{rel}","templated":true}]}}