{"id":846620,"date":"2025-10-07T12:06:47","date_gmt":"2025-10-07T10:06:47","guid":{"rendered":"https:\/\/gradski.me\/?p=846620"},"modified":"2025-10-07T12:06:47","modified_gmt":"2025-10-07T10:06:47","slug":"mpni-jos-jedna-krivicna-prijava-zbog-lazne-obrazovne-isprave","status":"publish","type":"post","link":"https:\/\/gradski.me\/en\/hronika\/mpni-jos-jedna-krivicna-prijava-zbog-lazne-obrazovne-isprave\/","title":{"rendered":"MPNI: Jo\u0161 jedna krivi\u010dna prijava zbog la\u017ene obrazovne isprave"},"content":{"rendered":"<p><\/p>\n\n\n\n<p>Na osnovu toga, osnovano se sumnja da je ovo lice izvr\u0161ilo krivi\u010dno d\u200cjelo falsifikovanje isprave iz \u010dlana 412 Krivi\u010dnog zakonika, navode iz Ministarstva.<\/p>\n\n\n\n<p>&#8220;O\u010dekujemo od nadle\u017enih organa da postupaju u skladu sa svojim nadle\u017enostima i ovla\u0161\u0107enjima, u cilju rje\u0161avanja ovog zna\u010dajnog institucionalnog problema&#8220;, zaklju\u010duju iz Ministarstva prosvjete, nauke i inovacija.<\/p>\n\n\n\n<p><\/p>","protected":false},"excerpt":{"rendered":"<p>Ministarstvo prosvjete, nauke i inovacija podnijelo je jo\u0161 jednu krivi\u010dnu\u00a0 prijavu Osnovnom dr\u017eavnom tu\u017eiocu u Podgorici zbog osnovane sumnje da je lice L.W. dostavilo la\u017ene i neistinite obrazovne isprave za koje su u postupku priznavanja inostrane obrazovne isprave, nadle\u017ene ustanove utvrdile da nisu vjerodostojne javne isprave, saop\u0161teno je iz Ministarstva.<\/p>","protected":false},"author":1,"featured_media":832907,"comment_status":"open","ping_status":"open","sticky":false,"template":"","format":"standard","meta":{"_acf_changed":false,"footnotes":"","jetpack_publicize_message":"","jetpack_publicize_feature_enabled":true,"jetpack_social_post_already_shared":false,"jetpack_social_options":{"image_generator_settings":{"template":"highway","default_image_id":0,"font":"","enabled":false},"version":2}},"categories":[10],"tags":[742,8587,610],"naslovna":[],"class_list":["post-846620","post","type-post","status-publish","format-standard","has-post-thumbnail","hentry","category-hronika","tag-krivicna-prijava","tag-lazna-obrazovna-isprava","tag-mpni"],"acf":[],"jetpack_publicize_connections":[],"_links":{"self":[{"href":"https:\/\/gradski.me\/en\/wp-json\/wp\/v2\/posts\/846620","targetHints":{"allow":["GET"]}}],"collection":[{"href":"https:\/\/gradski.me\/en\/wp-json\/wp\/v2\/posts"}],"about":[{"href":"https:\/\/gradski.me\/en\/wp-json\/wp\/v2\/types\/post"}],"author":[{"embeddable":true,"href":"https:\/\/gradski.me\/en\/wp-json\/wp\/v2\/users\/1"}],"replies":[{"embeddable":true,"href":"https:\/\/gradski.me\/en\/wp-json\/wp\/v2\/comments?post=846620"}],"version-history":[{"count":0,"href":"https:\/\/gradski.me\/en\/wp-json\/wp\/v2\/posts\/846620\/revisions"}],"wp:featuredmedia":[{"embeddable":true,"href":"https:\/\/gradski.me\/en\/wp-json\/wp\/v2\/media\/832907"}],"wp:attachment":[{"href":"https:\/\/gradski.me\/en\/wp-json\/wp\/v2\/media?parent=846620"}],"wp:term":[{"taxonomy":"category","embeddable":true,"href":"https:\/\/gradski.me\/en\/wp-json\/wp\/v2\/categories?post=846620"},{"taxonomy":"post_tag","embeddable":true,"href":"https:\/\/gradski.me\/en\/wp-json\/wp\/v2\/tags?post=846620"},{"taxonomy":"naslovna","embeddable":true,"href":"https:\/\/gradski.me\/en\/wp-json\/wp\/v2\/naslovna?post=846620"}],"curies":[{"name":"wp","href":"https:\/\/api.w.org\/{rel}","templated":true}]}}