{"id":846466,"date":"2025-10-07T08:57:00","date_gmt":"2025-10-07T06:57:00","guid":{"rendered":"https:\/\/gradski.me\/?p=846466"},"modified":"2025-10-07T08:57:00","modified_gmt":"2025-10-07T06:57:00","slug":"gorcevic-sepa-donosi-konkretne-koristi-za-gradjane","status":"publish","type":"post","link":"https:\/\/gradski.me\/en\/ekonomija\/gorcevic-sepa-donosi-konkretne-koristi-za-gradjane\/","title":{"rendered":"(VIDEO) Gor\u010devi\u0107: SEPA donosi konkretne koristi za gra\u0111ane"},"content":{"rendered":"<p><\/p>\n\n\n\n<p>\u201eTime pokazujemo da evropske obaveze prevodimo u konkretne koristi za na\u0161e gra\u0111ane i privredu\u201c, rekla je Gor\u010devi\u0107 u izjavi povodom prvih SEPA transakcija.<\/p>\n\n\n\n<p>Iako Crna Gora jo\u0161 nije \u010dlanica EU, Gor\u010devi\u0107 je navela da od danas koristimo jedan od najva\u017enijih finansijskih mehanizama koje imaju gra\u0111ani dr\u017eava \u010dlanica \u2013 br\u017ea, jednostavnija i povoljnija pla\u0107anja u Evropi.<\/p>\n\n\n\n<p>\u201eTime \u0161tedimo milione na godi\u0161njem nivou i ja\u010damo konkurentnost na\u0161e ekonomije\u201c, objasnila je Gor\u010devi\u0107.<\/p>\n\n\n\n<p>Prema njenim rije\u010dima, SEPA je dokaz da proces pristupanja EU nije apstraktan, ve\u0107 donosi konkretne koristi za gra\u0111ane.<\/p>\n\n\n\n<p>\u201eOvaj korak pokazuje da Crna Gora ne \u010deka formalno \u010dlanstvo da bi primjenjivala EU standarde. Na ovaj na\u010din, na\u0161i gra\u0111ani, kompanije i banke, ve\u0107 \u017eive i posluju po evropskim pravilima, \u0161to je najbolja priprema za punopravno \u010dlanstvo\u201c, zaklju\u010dila je Gor\u010devi\u0107.<\/p>\n\n\n\n<figure class=\"wp-block-embed is-type-video is-provider-youtube wp-block-embed-youtube wp-embed-aspect-16-9 wp-has-aspect-ratio\"><div class=\"wp-block-embed__wrapper\">\n<iframe title=\"Izjava ministarke evropskih poslova, Maide Gor\u010devi\u0107, povodom prvih SEPA transakcija\" width=\"800\" height=\"450\" src=\"https:\/\/www.youtube.com\/embed\/HDUA27owfw4?feature=oembed\" frameborder=\"0\" allow=\"accelerometer; autoplay; clipboard-write; encrypted-media; gyroscope; picture-in-picture; web-share\" referrerpolicy=\"strict-origin-when-cross-origin\" allowfullscreen><\/iframe>\n<\/div><\/figure>","protected":false},"excerpt":{"rendered":"<p>Po\u010detak funkcionisanja SEPA sistema u Crnoj Gori predstavlja jedan od klju\u010dnih benefita pregovara\u010dkog procesa i Plana rasta za Zapadni Balkan, u dijelu ja\u010danja ekonomske integracije sa jedinstvenim tr\u017ei\u0161tem Evropske unije (EU), saop\u0161tila je ministarka evropskih poslova, Maida Gor\u010devi\u0107.<\/p>","protected":false},"author":1,"featured_media":846468,"comment_status":"open","ping_status":"open","sticky":false,"template":"","format":"standard","meta":{"_acf_changed":false,"footnotes":"","jetpack_publicize_message":"","jetpack_publicize_feature_enabled":true,"jetpack_social_post_already_shared":false,"jetpack_social_options":{"image_generator_settings":{"template":"highway","default_image_id":0,"font":"","enabled":false},"version":2}},"categories":[8],"tags":[8521,600,8383],"naslovna":[],"class_list":["post-846466","post","type-post","status-publish","format-standard","has-post-thumbnail","hentry","category-ekonomija","tag-koristi-za-gradjane","tag-maida-gorcevic-2","tag-sepa"],"acf":[],"jetpack_publicize_connections":[],"_links":{"self":[{"href":"https:\/\/gradski.me\/en\/wp-json\/wp\/v2\/posts\/846466","targetHints":{"allow":["GET"]}}],"collection":[{"href":"https:\/\/gradski.me\/en\/wp-json\/wp\/v2\/posts"}],"about":[{"href":"https:\/\/gradski.me\/en\/wp-json\/wp\/v2\/types\/post"}],"author":[{"embeddable":true,"href":"https:\/\/gradski.me\/en\/wp-json\/wp\/v2\/users\/1"}],"replies":[{"embeddable":true,"href":"https:\/\/gradski.me\/en\/wp-json\/wp\/v2\/comments?post=846466"}],"version-history":[{"count":0,"href":"https:\/\/gradski.me\/en\/wp-json\/wp\/v2\/posts\/846466\/revisions"}],"wp:featuredmedia":[{"embeddable":true,"href":"https:\/\/gradski.me\/en\/wp-json\/wp\/v2\/media\/846468"}],"wp:attachment":[{"href":"https:\/\/gradski.me\/en\/wp-json\/wp\/v2\/media?parent=846466"}],"wp:term":[{"taxonomy":"category","embeddable":true,"href":"https:\/\/gradski.me\/en\/wp-json\/wp\/v2\/categories?post=846466"},{"taxonomy":"post_tag","embeddable":true,"href":"https:\/\/gradski.me\/en\/wp-json\/wp\/v2\/tags?post=846466"},{"taxonomy":"naslovna","embeddable":true,"href":"https:\/\/gradski.me\/en\/wp-json\/wp\/v2\/naslovna?post=846466"}],"curies":[{"name":"wp","href":"https:\/\/api.w.org\/{rel}","templated":true}]}}