{"id":846430,"date":"2025-10-07T10:02:00","date_gmt":"2025-10-07T08:02:00","guid":{"rendered":"https:\/\/gradski.me\/?p=846430"},"modified":"2025-10-07T10:02:00","modified_gmt":"2025-10-07T08:02:00","slug":"djukic-potrebno-samo-14-miliona-godisnje-da-bi-se-rijesio-problem-zaposlenih-u-sudstvu","status":"publish","type":"post","link":"https:\/\/gradski.me\/en\/ekonomija\/djukic-potrebno-samo-14-miliona-godisnje-da-bi-se-rijesio-problem-zaposlenih-u-sudstvu\/","title":{"rendered":"\u0110uki\u0107: Potrebno samo 1,4 miliona godi\u0161nje da bi se rije\u0161io problem zaposlenih u sudstvu"},"content":{"rendered":"<p><\/p>\n\n\n\n<p>Zaposleni u sudskoj administraciji od ju\u010de su zapo\u010deli jednosatnu obustavu rada nezadovoljni zaradama i koeficijentima koji, kako ka\u017eu, ne prate te\u017einu i odgovornost posla. Tra\u017ee pove\u0107anje plata za 30% za samostalne referente u grupi D, kao i potpisivanje granskog kolektivnog ugovora za oblast pravosu\u0111a, kazao je za Radio CG predsjednik Sindikata sudstva Dejan \u0110uki\u0107. Generalni sekretar Saveza sindikata Du\u0161ko Zarubica pozvao je zaposlene na jedinstvo.<\/p>\n\n\n\n<p>&#8222;\u0160trajk je od 11 do 12 svakog radnog dana&#8220;. Tim rije\u010dima sudsko obezbje\u0111enje vra\u0107alo je sa ulaza gra\u0111ane koji su u tom periodu poku\u0161ali da u\u0111u u sud. Predsjednik Sindikata sudstva Dejan \u0110uki\u0107 ka\u017ee da su bili primorani na taj potez.<\/p>\n\n\n\n<p>&#8222;Mi smo prinu\u0111eni na ovaj sindikalni korak, jer ve\u0107 du\u017ei vremenski period pregovaramo sa socijalnim partnerima. Iskreno da vam ka\u017eem, nismo postigli zajedni\u010dki dogovor. Meni je \u017eao, izvinjavam se u ime Sindikata gra\u0111anima Crne Gore, ali oni moraju da imaju razumijevanje prema nama, jer do\u0161li smo u takvu situaciju da sa ovim primanjima, prosto ne \u017eivimo, nego nekako pre\u017eivljavamo&#8220;, kazao je on.<\/p>\n\n\n\n<p>\u0110uki\u0107 isti\u010de da zaposleni imaju dva zahtjeva. Tra\u017ee uve\u0107anje zarade od 30 odsto za samostalne referente u sudskoj administraciji u grupi D i potpisivanje granskog kolektivnog ugovora za oblast sudstva.<\/p>\n\n\n\n<p>&#8222;Mi imamo najmanje zarade u Crnoj Gori, zna\u010di na\u0161a osnovica kre\u0107e sa 558 eura za samostalne referente, tako da imamo samostalnog referenta koji rade 10 godina u sudstvu i koji prima 600 eura zaradu. S druge strane, imamo samostalne savjetnike koji imaju zaradu od 800 eura, a sami smo upoznati da je to baza iz koje izlaze sudije&#8220;, kazao je \u0110uki\u0107.<\/p>\n\n\n\n<p>Granski kolektivni ugovor spreman je ve\u0107 du\u017ee vrijeme i njegova realizacija ne bi izlazila iz okvira bud\u017eeta predvi\u0111enog za sudove, ka\u017ee \u0110uki\u0107. Nada se skorom dogovoru.<\/p>\n\n\n\n<p>&#8222;To je u ovom trenutku otprilike 1.400.000 na godi\u0161njem nivou. Tako da ja narednih dana o\u010dekujem pozive od na\u0161ih socijalnih partnera, od Ministarstva finansija i nadam se da \u0107emo na\u0107i zajedni\u010dki dogovor i rije\u0161iti ovu situaciju u kojoj se trenutno nalazimo&#8220;, kazao je on.<\/p>\n\n\n\n<p>Tokom jednostavne obustave rada u podgori\u010dkom Osnovnom sudu, zaposlene je posjetio generalni sekretar Saveza sindikata Du\u0161ko Zarubica i pozvao ih da ostanu jedinstveni.<\/p>\n\n\n\n<p>&#8222;Vi ste potpuno zakonito stupili u ovaj \u0161trajk. Bi\u0107e poku\u0161aja raznih, samo jedinstveno, samo solidarno i uspjeh je zagarantovan&#8220;, kazao je Zarubica.<\/p>\n\n\n\n<p>Iz Sindikata najavljuju da \u0107e \u0161trajk biti nastavljen, a u narednim danima o\u010dekuju jo\u0161 \u0161iru podr\u0161ku sudija.<\/p>","protected":false},"excerpt":{"rendered":"<p>Da bi se rije\u0161ili problemi zaposlenih u sudstvu zbog \u010dega su od ju\u010de zapo\u010deli jednosatnu obustavu rada na po sat svakog radnog dana, potrebno je samo 1,4 miliona eura na godi\u0161njem nivou, kazao je predstednik Sindikata Dejan \u0110uki\u0107. On je kazao da sa sada\u0161njim platama, zaposleni samo pre\u017eivljavaju i da o\u010dekuje narednih dana poziv iz Ministarstva finansija kako bi do\u0161li do dogovora.<\/p>","protected":false},"author":1,"featured_media":373914,"comment_status":"open","ping_status":"open","sticky":false,"template":"","format":"standard","meta":{"_acf_changed":false,"footnotes":"","jetpack_publicize_message":"","jetpack_publicize_feature_enabled":true,"jetpack_social_post_already_shared":false,"jetpack_social_options":{"image_generator_settings":{"template":"highway","default_image_id":0,"font":"","enabled":false},"version":2}},"categories":[8],"tags":[8535,8536],"naslovna":[],"class_list":["post-846430","post","type-post","status-publish","format-standard","has-post-thumbnail","hentry","category-ekonomija","tag-dejan-djukic","tag-problem-zaposlenih-u-sudstvu"],"acf":[],"jetpack_publicize_connections":[],"_links":{"self":[{"href":"https:\/\/gradski.me\/en\/wp-json\/wp\/v2\/posts\/846430","targetHints":{"allow":["GET"]}}],"collection":[{"href":"https:\/\/gradski.me\/en\/wp-json\/wp\/v2\/posts"}],"about":[{"href":"https:\/\/gradski.me\/en\/wp-json\/wp\/v2\/types\/post"}],"author":[{"embeddable":true,"href":"https:\/\/gradski.me\/en\/wp-json\/wp\/v2\/users\/1"}],"replies":[{"embeddable":true,"href":"https:\/\/gradski.me\/en\/wp-json\/wp\/v2\/comments?post=846430"}],"version-history":[{"count":0,"href":"https:\/\/gradski.me\/en\/wp-json\/wp\/v2\/posts\/846430\/revisions"}],"wp:featuredmedia":[{"embeddable":true,"href":"https:\/\/gradski.me\/en\/wp-json\/wp\/v2\/media\/373914"}],"wp:attachment":[{"href":"https:\/\/gradski.me\/en\/wp-json\/wp\/v2\/media?parent=846430"}],"wp:term":[{"taxonomy":"category","embeddable":true,"href":"https:\/\/gradski.me\/en\/wp-json\/wp\/v2\/categories?post=846430"},{"taxonomy":"post_tag","embeddable":true,"href":"https:\/\/gradski.me\/en\/wp-json\/wp\/v2\/tags?post=846430"},{"taxonomy":"naslovna","embeddable":true,"href":"https:\/\/gradski.me\/en\/wp-json\/wp\/v2\/naslovna?post=846430"}],"curies":[{"name":"wp","href":"https:\/\/api.w.org\/{rel}","templated":true}]}}