{"id":846411,"date":"2025-10-07T07:52:00","date_gmt":"2025-10-07T05:52:00","guid":{"rendered":"https:\/\/gradski.me\/?p=846411"},"modified":"2025-10-07T07:52:00","modified_gmt":"2025-10-07T05:52:00","slug":"ubistvo-bobana-sjekloce-policija-istrazuje-ko-ga-je-namamio-na-trsteno","status":"publish","type":"post","link":"https:\/\/gradski.me\/en\/hronika\/ubistvo-bobana-sjekloce-policija-istrazuje-ko-ga-je-namamio-na-trsteno\/","title":{"rendered":"Ubistvo Bobana Sjeklo\u0107e: Policija istra\u017euje ko ga je namamio na Trsteno"},"content":{"rendered":"<p><\/p>\n\n\n\n<p>On je ubijen u nastavku sukoba kriminalnih klanova i sedma je \u017ertva tih obra\u010duna od po\u010detka godine.<\/p>\n\n\n\n<p>Prema policijskoj evidenciji, Sjeklo\u0107a je bio ozna\u010den kao jedan od vo\u0111a cetinjskog ogranka \u0161kaljarskog klana.<\/p>\n\n\n\n<p>Godinama je bio u bjekstvu, nakon \u0161to je za njim raspisana potjernica.<\/p>\n\n\n\n<p>Ime Bobana Sjeklo\u0107e prvi put se pojavilo u javnosti u februaru 2021. godine, kada je uhap\u0161en u akciji MUP-a Republike Srpske.<\/p>\n\n\n\n<p>Tada je na Palama li\u0161en slobode zajedno s dr\u017eavljanima Crne Gore Milanom Kr\u0161i\u0107em i Filipom Roganovi\u0107em. Neposredno nakon hap\u0161enja, Policijska uprava Isto\u010dno Sarajevo saop\u0161tila je da su trojica dr\u017eavljana Crne Gore uhap\u0161ena zbog sumnje da se mogu dovesti u vezu s izvr\u0161enjem krivi\u010dnih djela neovla\u0161\u0107ene proizvodnje i prometa narkotika, kao i nedozvoljene proizvodnje i prometa oru\u017eja ili eksplozivnih materija.<\/p>\n\n\n\n<p>Ubijeni Sjeklo\u0107a nalazio se i na optu\u017enici Specijalnog dr\u017eavnog tu\u017eila\u0161tva (SDT), kao dio kriminalne grupe koja je u\u010destvovala u ubistvu Cetinjana Andrije Gazivode i Pera Muhadinovi\u0107a.<\/p>\n\n\n\n<p>Istoj grupi sudi se i zbog planiranja likvidacija Vasa Gazivode, Milo\u0161a Jovanovi\u0107a, Ki\u0107a Paovi\u0107a i Aleksandra Jabu\u010danina.<\/p>\n\n\n\n<p>Policija je vi\u0161e puta pretresala njegovu ku\u0107u na Cetinju, ali ga prilikom tih akcija nije prona\u0161la.<\/p>\n\n\n\n<p>Crnogorska policija uhapsila je prije par dana jednu osobu osumnji\u010denu za pomaganje u ubistvu Stefana Belade i Andrije Ivanovi\u0107a, saop\u0161teno je iz Uprave policije.<\/p>\n\n\n\n<p>Belada i Ivanovi\u0107 ubijeni su 24. septembra, na putnom pravcu Budva &#8211; Cetinje, u mjestu Ugnji.<\/p>\n\n\n\n<p>Iz Uprave policije su kazali da su prvi rezultati istrage i sprovo\u0111enja policijsko-tu\u017eila\u010dkih aktivnosti u vezi sa rasvjetljavanjem krivi\u010dnog djela te\u0161ko ubistvo rezultirali hap\u0161enjem jedne osobe.<\/p>\n\n\n\n<p>Uhap\u0161eni je, kako se navodi, osumnji\u010den da je izvr\u0161ilo krivi\u010dno djelo te\u0161ko ubistvo izvr\u0161eno putem pomaganja.<\/p>\n\n\n\n<p>&#8222;Zbog interesa istrage, ne mo\u017eemo otkrivati vi\u0161e detalja u ovom trenutku. Cijene\u0107i potrebu da javnost bude informisana, o daljim aktivnostima i rezultatima \u0107emo obavje\u0161tavati fazno&#8220;, rekli su iz policije.&nbsp;<\/p>\n\n\n\n<p>U selu Ugnji u cetinjskoj op\u0161tini 24. seoptembra su na\u0111ena tijela dvije osobe. Ubijeni su Stefan Belada i Andrija Ivanovi\u0107, koji su povezivani sa \u0161kaljarskim kriminalnim klanom.<\/p>\n\n\n\n<p>Odmah nakon saznanja o zlo\u010dinu, policija je ispitavala kako su Belada i Ivanovi\u0107 namamljeni.<\/p>\n\n\n\n<p>Interesantno je i da je Belada bio akter pucnjave nedavno na putu Cetinje &#8211; Budva, kada je ranjena T.S. koja je bila sa njim na motoru.<\/p>\n\n\n\n<p>Rat kotorskih klanova traje vi\u0161e od deset godina.&nbsp;&nbsp;<\/p>\n\n\n\n<p>Ministar unutra\u0161njih poslova Danilo \u0160aranovi\u0107 je gostuju\u0107i u Dnevniku 2 TVCG na dan zlo\u010dina kazao da je u odnosu na slu\u010daj dvostrukog ubistva u Ugnjima brzo utvr\u0111en identitet stradalih i da su u pitanju pripadnici &#8222;\u0161kaljarskog&#8220; kriminalnog klana. Dodaje da se radi o namamljivanju ovih lica od strane suprotstavljene kriminalne grupe.<\/p>\n\n\n\n<p>&#8222;Va\u017eno je re\u0107i da sektor bezbjednosti nije zakazao, jer stepen rasvijetljenosti ovakvih djela je iznad 95 odsto, a broj obra\u010duna kriminalnih grupa je vi\u0161e nego duplo manji u prethodne \u010detiri godine u odnosu na period 2016. do 2020. godine&#8220;, rekao je \u0160aranovi\u0107.&nbsp;<\/p>\n\n\n\n<p>Kako je rekao, &#8222;organizovani kriminal nam je najte\u017ee neslje\u0111e ostavljeno nakon 2020. godine&#8220;.<\/p>\n\n\n\n<p>&#8222;Gra\u0111ani Crne Gore moraju znati da ovaj sektor bezbjednosti ne radi vi\u0161e za kriminalne strukture kao \u0161to je to bilo ranije&#8220; poru\u010dio je \u0160aranovi\u0107.<\/p>","protected":false},"excerpt":{"rendered":"<p>Uprava policije istra\u017euje da li je, i ko, namamio Bobana Sjeklo\u0107u na pla\u017eu Trsteno, kod Budve, gdje je prekju\u010de oko 18 \u010dasova prona\u0111eno njegovo tijelo.<\/p>","protected":false},"author":1,"featured_media":743147,"comment_status":"open","ping_status":"open","sticky":false,"template":"","format":"standard","meta":{"_acf_changed":false,"footnotes":"","jetpack_publicize_message":"","jetpack_publicize_feature_enabled":true,"jetpack_social_post_already_shared":false,"jetpack_social_options":{"image_generator_settings":{"template":"highway","default_image_id":0,"font":"","enabled":false},"version":2}},"categories":[10],"tags":[8512,8513,174,8366,87],"naslovna":[],"class_list":["post-846411","post","type-post","status-publish","format-standard","has-post-thumbnail","hentry","category-hronika","tag-boban-sjekloca","tag-namamljivanje","tag-policija","tag-trsteno","tag-ubistvo"],"acf":[],"jetpack_publicize_connections":[],"_links":{"self":[{"href":"https:\/\/gradski.me\/en\/wp-json\/wp\/v2\/posts\/846411","targetHints":{"allow":["GET"]}}],"collection":[{"href":"https:\/\/gradski.me\/en\/wp-json\/wp\/v2\/posts"}],"about":[{"href":"https:\/\/gradski.me\/en\/wp-json\/wp\/v2\/types\/post"}],"author":[{"embeddable":true,"href":"https:\/\/gradski.me\/en\/wp-json\/wp\/v2\/users\/1"}],"replies":[{"embeddable":true,"href":"https:\/\/gradski.me\/en\/wp-json\/wp\/v2\/comments?post=846411"}],"version-history":[{"count":0,"href":"https:\/\/gradski.me\/en\/wp-json\/wp\/v2\/posts\/846411\/revisions"}],"wp:featuredmedia":[{"embeddable":true,"href":"https:\/\/gradski.me\/en\/wp-json\/wp\/v2\/media\/743147"}],"wp:attachment":[{"href":"https:\/\/gradski.me\/en\/wp-json\/wp\/v2\/media?parent=846411"}],"wp:term":[{"taxonomy":"category","embeddable":true,"href":"https:\/\/gradski.me\/en\/wp-json\/wp\/v2\/categories?post=846411"},{"taxonomy":"post_tag","embeddable":true,"href":"https:\/\/gradski.me\/en\/wp-json\/wp\/v2\/tags?post=846411"},{"taxonomy":"naslovna","embeddable":true,"href":"https:\/\/gradski.me\/en\/wp-json\/wp\/v2\/naslovna?post=846411"}],"curies":[{"name":"wp","href":"https:\/\/api.w.org\/{rel}","templated":true}]}}