{"id":846038,"date":"2025-10-06T14:50:06","date_gmt":"2025-10-06T12:50:06","guid":{"rendered":"https:\/\/gradski.me\/?p=846038"},"modified":"2025-10-06T14:50:06","modified_gmt":"2025-10-06T12:50:06","slug":"video-sjednica-prekinuta-zbog-verbalnog-sukoba-markovic-i-zirojevica","status":"publish","type":"post","link":"https:\/\/gradski.me\/en\/politika\/video-sjednica-prekinuta-zbog-verbalnog-sukoba-markovic-i-zirojevica\/","title":{"rendered":"(VIDEO) Sjednica prekinuta zbog verbalnog sukoba Markovi\u0107 i Zirojevi\u0107a"},"content":{"rendered":"<p><\/p>\n\n\n\n<p>Zirojevi\u0107 je tokom polemike o najnovijim akcijama tu\u017eila\u0161tva kazao da mu se stalno crta meta i&nbsp;plasira pri\u010da da je protiv \u017eena u politici.&nbsp;<\/p>\n\n\n\n<p>&#8222;I to je recept koji nesposobne \u017eene koriste jer ne mogu da mi odgovore argumentima&#8220;, rekao je Zirojevi\u0107, \u0161to je izazvalo proteste.&nbsp;<\/p>\n\n\n\n<figure class=\"wp-block-embed is-type-rich is-provider-dr-a-ugne-ivanja wp-block-embed-dr-a-ugne-ivanja\"><div class=\"wp-block-embed__wrapper\">\n<div style=\"width: 640px;\" class=\"wp-video\"><video class=\"wp-video-shortcode\" id=\"video-846038-1\" width=\"640\" height=\"360\" preload=\"metadata\" controls=\"controls\"><source type=\"video\/mp4\" src=\"https:\/\/rtcg.me\/upload\/\/media\/2025\/9\/6\/13\/26\/7\/2286017\/prilog1111_x264.mp4?_=1\" \/><a href=\"https:\/\/rtcg.me\/upload\/\/media\/2025\/9\/6\/13\/26\/7\/2286017\/prilog1111_x264.mp4\" target=\"_blank\" rel=\"noopener\">https:\/\/rtcg.me\/upload\/\/media\/2025\/9\/6\/13\/26\/7\/2286017\/prilog1111_x264.mp4<\/a><\/video><\/div>\n<\/div><\/figure>\n\n\n\n<p>&#8222;Ti crta\u0161 mete, ti i tvoji saradnici&#8220;, rekla je Markovi\u0107.&nbsp;<\/p>\n\n\n\n<p>Nakon toga, predsjednik odbora Du\u0161ko Stjepovi\u0107 dao je pauzu.&nbsp;<\/p>\n\n\n\n<p>Na dnevnom redu odbora je izvje\u0161taj o radu Ministarstva vanjskih poslova.&nbsp;<a href=\"https:\/\/play.google.com\/store\/apps\/details?id=me.rtcg\" target=\"_blank\" rel=\"noreferrer noopener\"><\/a><a href=\"https:\/\/apps.apple.com\/us\/app\/rtcg\/id1400067551\" target=\"_blank\" rel=\"noreferrer noopener\"><\/a><\/p>\n\n\n\n<p><a target=\"_blank\" href=\"https:\/\/play.google.com\/store\/apps\/details?id=me.rtcg\" rel=\"noreferrer noopener\"><\/a><a target=\"_blank\" href=\"https:\/\/apps.apple.com\/us\/app\/rtcg\/id1400067551\" rel=\"noreferrer noopener\"><\/a><\/p>","protected":false},"excerpt":{"rendered":"<p>Sjednica Odbora za me\u0111unarodne odnose Skup\u0161tine prekinuta je nakon verbalne rasprave izme\u0111u poslanika SD Nikole Zirojevi\u0107a i poslanice PES Branke Markovi\u0107.<\/p>","protected":false},"author":1,"featured_media":846040,"comment_status":"open","ping_status":"open","sticky":false,"template":"","format":"standard","meta":{"_acf_changed":false,"footnotes":"","jetpack_publicize_message":"","jetpack_publicize_feature_enabled":true,"jetpack_social_post_already_shared":false,"jetpack_social_options":{"image_generator_settings":{"template":"highway","default_image_id":0,"font":"","enabled":false},"version":2}},"categories":[7],"tags":[1879,468,8447,8448],"naslovna":[],"class_list":["post-846038","post","type-post","status-publish","format-standard","has-post-thumbnail","hentry","category-politika","tag-branka-markovic","tag-nikola-zirojevic","tag-prekid-sjednice","tag-verbalni-sukob"],"acf":[],"jetpack_publicize_connections":[],"_links":{"self":[{"href":"https:\/\/gradski.me\/en\/wp-json\/wp\/v2\/posts\/846038","targetHints":{"allow":["GET"]}}],"collection":[{"href":"https:\/\/gradski.me\/en\/wp-json\/wp\/v2\/posts"}],"about":[{"href":"https:\/\/gradski.me\/en\/wp-json\/wp\/v2\/types\/post"}],"author":[{"embeddable":true,"href":"https:\/\/gradski.me\/en\/wp-json\/wp\/v2\/users\/1"}],"replies":[{"embeddable":true,"href":"https:\/\/gradski.me\/en\/wp-json\/wp\/v2\/comments?post=846038"}],"version-history":[{"count":0,"href":"https:\/\/gradski.me\/en\/wp-json\/wp\/v2\/posts\/846038\/revisions"}],"wp:featuredmedia":[{"embeddable":true,"href":"https:\/\/gradski.me\/en\/wp-json\/wp\/v2\/media\/846040"}],"wp:attachment":[{"href":"https:\/\/gradski.me\/en\/wp-json\/wp\/v2\/media?parent=846038"}],"wp:term":[{"taxonomy":"category","embeddable":true,"href":"https:\/\/gradski.me\/en\/wp-json\/wp\/v2\/categories?post=846038"},{"taxonomy":"post_tag","embeddable":true,"href":"https:\/\/gradski.me\/en\/wp-json\/wp\/v2\/tags?post=846038"},{"taxonomy":"naslovna","embeddable":true,"href":"https:\/\/gradski.me\/en\/wp-json\/wp\/v2\/naslovna?post=846038"}],"curies":[{"name":"wp","href":"https:\/\/api.w.org\/{rel}","templated":true}]}}