{"id":845911,"date":"2025-10-06T11:32:17","date_gmt":"2025-10-06T09:32:17","guid":{"rendered":"https:\/\/gradski.me\/?p=845911"},"modified":"2025-10-06T11:32:17","modified_gmt":"2025-10-06T09:32:17","slug":"glavni-grad-dio-projekta-integra-integrisane-razvojne-strategije-za-odrzivu-tranziciju","status":"publish","type":"post","link":"https:\/\/gradski.me\/en\/drustvo\/glavni-grad-dio-projekta-integra-integrisane-razvojne-strategije-za-odrzivu-tranziciju\/","title":{"rendered":"Glavni grad dio projekta INTEGRA \u2013 Integrisane razvojne strategije za odr\u017eivu tranziciju"},"content":{"rendered":"<p><\/p>\n\n\n\n<p>Projekat INTEGRA ima za cilj izgradnju kapaciteta za pobolj\u0161anje dizajna i upravljanja teritorijalnim alatima kako bi se pove\u0107ao njihov neiskori\u0161\u0107eni potencijal za sprovo\u0111enje trostruke tranzicije (zelene, socijalne i digitalne) na lokalnom nivou. Istra\u017euje razli\u010dite pravce ka strate\u0161ki orijentisanim transformativnim agendama za odr\u017eivi razvoj.<\/p>\n\n\n\n<figure class=\"wp-block-image\"><img decoding=\"async\" src=\"https:\/\/podgorica.me\/wp-content\/uploads\/2025\/10\/3rd-call-posters-INTEGRA.pdf.png\" alt=\"\" class=\"wp-image-54927\" title=\"\"><\/figure>\n\n\n\n<p>Vode\u0107i partner na projektu je Emillia-Romagna Region (Italija), dok su ostali partneri North-West Regional Development Agency (Rumunija), Ile-de-France Region (Francuska), Commission for Regional Development and Coordination of the Alentejo (Portugal), University of Latvia (Litvanija), Zlatibor Regional Development Agency (Srbija) i Wielkopolska Region (Poljska).&nbsp;&nbsp;&nbsp;&nbsp;&nbsp;&nbsp;<\/p>\n\n\n\n<p>Ukupna vrijednost projekta: 1.801.651,00 \u20ac, a IPA sredstva planirana za Podgoricu iznose 139.175,000 \u20ac.<\/p>\n\n\n\n<p>Po\u010detni sastanak projektnog tima odr\u017ean je 30. septembra i 01. oktobra u Klu\u017eu-Napoka, Rumunija, na kojem su partneri razgovarali o svojim strate\u0161kim dokumentima, radili na utvr\u0111ivanju kontekstualne regionalne dijagnoze koja opisuje stanje postoje\u0107ih teritorijalnih strate\u0161kih dokumenata, te planirali realizaciju narednih projektnih aktivnosti.<\/p>\n\n\n\n<p><em>Ovaj projekat finansira se iz sredstastava EU, Program: Interreg Europe.<\/em><\/p>","protected":false},"excerpt":{"rendered":"<p>Glavni grad je partner na projektu INTEGRA, Program: Interreg Europe, \u010dija realizacija je po\u010dela 01. maja teku\u0107e godine. U okviru projekta, kroz saradnju s uspje\u0161nim EU partnerima, sti\u010du se znanja o izradi strate\u0161kih dokumenata, sa posebnim akcentom na strate\u0161ki plan razvoja grada.<\/p>","protected":false},"author":1,"featured_media":845914,"comment_status":"open","ping_status":"open","sticky":false,"template":"","format":"standard","meta":{"_acf_changed":false,"footnotes":"","jetpack_publicize_message":"","jetpack_publicize_feature_enabled":true,"jetpack_social_post_already_shared":false,"jetpack_social_options":{"image_generator_settings":{"template":"highway","default_image_id":0,"font":"","enabled":false},"version":2}},"categories":[9],"tags":[155,8408,8409],"naslovna":[],"class_list":["post-845911","post","type-post","status-publish","format-standard","has-post-thumbnail","hentry","category-drustvo","tag-glavni-grad-2","tag-integrisana-razvojna-strategija-za-odrzivu-tranziciju","tag-projekat-integra"],"acf":[],"jetpack_publicize_connections":[],"_links":{"self":[{"href":"https:\/\/gradski.me\/en\/wp-json\/wp\/v2\/posts\/845911","targetHints":{"allow":["GET"]}}],"collection":[{"href":"https:\/\/gradski.me\/en\/wp-json\/wp\/v2\/posts"}],"about":[{"href":"https:\/\/gradski.me\/en\/wp-json\/wp\/v2\/types\/post"}],"author":[{"embeddable":true,"href":"https:\/\/gradski.me\/en\/wp-json\/wp\/v2\/users\/1"}],"replies":[{"embeddable":true,"href":"https:\/\/gradski.me\/en\/wp-json\/wp\/v2\/comments?post=845911"}],"version-history":[{"count":0,"href":"https:\/\/gradski.me\/en\/wp-json\/wp\/v2\/posts\/845911\/revisions"}],"wp:featuredmedia":[{"embeddable":true,"href":"https:\/\/gradski.me\/en\/wp-json\/wp\/v2\/media\/845914"}],"wp:attachment":[{"href":"https:\/\/gradski.me\/en\/wp-json\/wp\/v2\/media?parent=845911"}],"wp:term":[{"taxonomy":"category","embeddable":true,"href":"https:\/\/gradski.me\/en\/wp-json\/wp\/v2\/categories?post=845911"},{"taxonomy":"post_tag","embeddable":true,"href":"https:\/\/gradski.me\/en\/wp-json\/wp\/v2\/tags?post=845911"},{"taxonomy":"naslovna","embeddable":true,"href":"https:\/\/gradski.me\/en\/wp-json\/wp\/v2\/naslovna?post=845911"}],"curies":[{"name":"wp","href":"https:\/\/api.w.org\/{rel}","templated":true}]}}