{"id":845685,"date":"2025-10-05T21:12:00","date_gmt":"2025-10-05T19:12:00","guid":{"rendered":"https:\/\/gradski.me\/?p=845685"},"modified":"2025-10-05T21:12:00","modified_gmt":"2025-10-05T19:12:00","slug":"vucinic-idemo-u-torsavn-po-pobjedu","status":"publish","type":"post","link":"https:\/\/gradski.me\/en\/sport\/vucinic-idemo-u-torsavn-po-pobjedu\/","title":{"rendered":"Vu\u010dini\u0107: Idemo u Tor\u0161avn po pobjedu"},"content":{"rendered":"<p>\u201eTrenira\u0107emo na prirodnoj podlozi, a naredna dva treninga do odlaska na Farska Ostrva vje\u017eba\u0107emo na vje\u0161ta\u010dkoj travi. Vidio sam da Farani kvase teren, tako \u0107emo i mi dok budemo trenirali, nadam se da \u0107e nam to koliko-toliko pomo\u0107i\u201c, rekao je Vu\u010dini\u0107.<\/p>\n\n\n\n<p>Crnogorski selektor isti\u010de da poznaje igra\u010de s kojima radi, ali i da svjestan problema koje ekipa ima kada je u posjedu lopte.<\/p>\n\n\n\n<p>\u201eMalo je vremena, ali ne tra\u017eim alibi. Dosta dobro poznajem momke, idemo u Torshavn da pobijedimo. Ne znam kakav \u0107e biti rezultat, ali znam da \u0107emo se boriti do posljednjeg atoma snage. Lak\u0161e bi mi u odre\u0111enom smislu bilo da nam je rival Hrvatska jer imamo veliki problem kad smo u posjedu lopte. Poku\u0161a\u0107u da to popravim, koliko \u0107u uspjeti \u2013 pokaza\u0107e naredne utakmice. U pogledu kvaliteta sigurno ne bi bilo lak\u0161e da igramo s Hrvatskom, ali bi nam trenutno vi\u0161e \u201elegao\u201c takav rival jer smo u problemu kad je lopta kod nas\u201c, istakao je selektor.<\/p>\n\n\n\n<h3 class=\"wp-block-heading\">Marino \u2013 Vu\u010dini\u0107ev stari saborac u stru\u010dnom \u0161tabu<\/h3>\n\n\n\n<p>Jedna od novina u stru\u010dnom \u0161tabu je dolazak Italijana Dina Marina, nekada\u0161njeg saigra\u010da Vu\u010dini\u0107a iz Le\u0107ea. Marino je godinama radio u italijanskom fudbalu, a sada \u0107e biti dio projekta podmla\u0111ivanja i stabilizacije crnogorske reprezentacije.<\/p>\n\n\n\n<p>\u201eIgrali smo zajedno tri godine u B timu Le\u0107ea. Bio je vrlo talentovan, kao mlad proveo dvije godine u Interu. Znam ga od mog dolaska u Italiju, kao i njegovog oca, koji je trenirao godinu mla\u0111u generaciju od moje u Le\u0107eu i bio je odli\u010dan u pronala\u017eenju talenata. Dina odli\u010dno poznajem, zajedno gledamo i analiziramo utakmice, i kad sam postao selektor pozvao sam ga u stru\u010dni \u0161tab. Jedan je od rijetkih koji dijeli moje poglede na fudbal, da ne ulazimo sada u to da li je to dobro ili lo\u0161e\u201c, dodao je uz osmijeh Vu\u010dini\u0107.<\/p>\n\n\n\n<h3 class=\"wp-block-heading\">Svje\u017ea krv i otvorena vrata za Joveti\u0107a<\/h3>\n\n\n\n<p>Vu\u010dini\u0107 je i ovoga puta pokazao da ne strahuje od promjena \u2013 reprezentaciju je podmladio, a na spisku su se na\u0161li talentovani fudbaleri poput Milana Roganovi\u0107a, Vasilija Ad\u017ei\u0107a, Viktora \u0110ukanovi\u0107a, te debitant Andrej Kosti\u0107. U konkurenciji je i Marko Perovi\u0107, dok selektor najavljuje i dodatne pozive igra\u010dima iz doma\u0107e lige.<\/p>\n\n\n\n<p>\u201eTo su novi momci, svje\u017ea krv. Odlu\u010dili smo da podmladimo selekciju, da vidimo da li i koliko mogu ti mla\u0111i igra\u010di. Da nemaju kvalitet, ne bi bili ovdje\u201c, kazao je Vu\u010dini\u0107.<\/p>\n\n\n\n<p>Na spisku nema kapitena Stevana Joveti\u0107a, koji zbog povrede propu\u0161ta ovaj ciklus, ali selektor jasno poru\u010duje \u2013 vrata nacionalnog tima su mu uvijek otvorena.<\/p>\n\n\n\n<p>\u201eJoveti\u0107 je uvijek dobrodo\u0161ao u reprezentaciju. Dao je mnogo nacionalnom timu, a i prethodne utakmice u ovom dresu odigrao je dobro. Na njemu je da li \u0107e do\u0107i ili ne, \u0161to se mene ti\u010de \u2013 vrata su mu uvijek otvorena\u201c, zaklju\u010dio je Vu\u010dini\u0107, dodaju\u0107i da \u0107e poziv naknadno dobiti jo\u0161 dvojica igra\u010da iz doma\u0107e lige.<\/p>","protected":false},"excerpt":{"rendered":"<p>Selektor fudbalske reprezentacije Crne Gore, Mirko Vu\u010dini\u0107, najavio je duel sa Farskim Ostrvima uz jasan cilj \u2013 pobjedu. Iako vremena za pripremu nema mnogo, Vu\u010dini\u0107 ne tra\u017ei izgovore, ve\u0107 nagla\u0161ava da vjeruje u svoj tim i energiju koju su donijela nova lica u svla\u010dionicu.<\/p>","protected":false},"author":1,"featured_media":844743,"comment_status":"open","ping_status":"open","sticky":false,"template":"","format":"standard","meta":{"_acf_changed":false,"footnotes":"","jetpack_publicize_message":"","jetpack_publicize_feature_enabled":true,"jetpack_social_post_already_shared":false,"jetpack_social_options":{"image_generator_settings":{"template":"highway","default_image_id":0,"font":"","enabled":false},"version":2}},"categories":[15],"tags":[8363,6729,1281,8364],"naslovna":[],"class_list":["post-845685","post","type-post","status-publish","format-standard","has-post-thumbnail","hentry","category-sport","tag-kvalifikacije-za-sjvetsko-prvenstvo","tag-mirko-vucinic","tag-muska-fudbalska-reprezentacija-crne-gore","tag-muska-fudbalska-reprezentacija-farskih-ostrva"],"acf":[],"jetpack_publicize_connections":[],"_links":{"self":[{"href":"https:\/\/gradski.me\/en\/wp-json\/wp\/v2\/posts\/845685","targetHints":{"allow":["GET"]}}],"collection":[{"href":"https:\/\/gradski.me\/en\/wp-json\/wp\/v2\/posts"}],"about":[{"href":"https:\/\/gradski.me\/en\/wp-json\/wp\/v2\/types\/post"}],"author":[{"embeddable":true,"href":"https:\/\/gradski.me\/en\/wp-json\/wp\/v2\/users\/1"}],"replies":[{"embeddable":true,"href":"https:\/\/gradski.me\/en\/wp-json\/wp\/v2\/comments?post=845685"}],"version-history":[{"count":0,"href":"https:\/\/gradski.me\/en\/wp-json\/wp\/v2\/posts\/845685\/revisions"}],"wp:featuredmedia":[{"embeddable":true,"href":"https:\/\/gradski.me\/en\/wp-json\/wp\/v2\/media\/844743"}],"wp:attachment":[{"href":"https:\/\/gradski.me\/en\/wp-json\/wp\/v2\/media?parent=845685"}],"wp:term":[{"taxonomy":"category","embeddable":true,"href":"https:\/\/gradski.me\/en\/wp-json\/wp\/v2\/categories?post=845685"},{"taxonomy":"post_tag","embeddable":true,"href":"https:\/\/gradski.me\/en\/wp-json\/wp\/v2\/tags?post=845685"},{"taxonomy":"naslovna","embeddable":true,"href":"https:\/\/gradski.me\/en\/wp-json\/wp\/v2\/naslovna?post=845685"}],"curies":[{"name":"wp","href":"https:\/\/api.w.org\/{rel}","templated":true}]}}