{"id":844878,"date":"2025-10-04T13:14:00","date_gmt":"2025-10-04T11:14:00","guid":{"rendered":"https:\/\/gradski.me\/?p=844878"},"modified":"2025-10-04T13:14:00","modified_gmt":"2025-10-04T11:14:00","slug":"poceo-medjunarodni-naucni-simpozijum-podgorica-u-vrijeme-vladavine-osmanlija-1474-1878","status":"publish","type":"post","link":"https:\/\/gradski.me\/en\/drustvo\/poceo-medjunarodni-naucni-simpozijum-podgorica-u-vrijeme-vladavine-osmanlija-1474-1878\/","title":{"rendered":"Po\u010deo Me\u0111unarodni nau\u010dni simpozijum &#8222;Podgorica u vrijeme vladavine Osmanlija (1474\u20131878)&#8220;"},"content":{"rendered":"<p><br><br><\/p>\n\n\n\n<p><\/p>\n\n\n\n<p>\u201cOvaj va\u017ean nau\u010dni skup okupio je brojne istaknute nau\u010dnike, profesore i istra\u017eiva\u010de iz Crne Gore, regiona, iz Turske i \u0161ire, s ciljem da se iz razli\u010ditih nau\u010dnih uglova rasvijetle klju\u010dni momenti vi\u0161estoljetne osmanske prisutnosti na prostoru dana\u0161nje Podgorice\u201d, saop\u0161tila je Islamska zajednica.<\/p>\n\n\n\n<p>Predsjednik organizacionog odbora je reis Islamske zajednice u Crnoj Gori Rifat Fejzi\u0107, dok funkciju sekretara obavlja ef. D\u017eemo Red\u017eematovi\u0107. Nau\u010dnim odborom predsjedava prof. dr emeritus \u0160erbo Rastoder, redovni \u010dlan CANU, BANU i DANU, ujedno i direktorn Instituta za historiju i dru\u0161tvene studije (IHDAS).<\/p>\n\n\n\n<p>Me\u0111u prvim izlaga\u010dima bio je Sead Sejo Mandi\u0107 sa temom \u201eStara Podgorica na slici i u rije\u010di\u201c, a potom i prof. dr Dragan Veselinov, koji je govorio o spoju nauke, tradicije i naracije. Zna\u010dajna pa\u017enja posve\u0107ena je i pitanjima osmanskog graditeljstva, pa je tako Abidin Temizer predstavio istra\u017eivanje o osvajanju i izgradnji podgori\u010dke tvr\u0111ave, dok je Mr Novak Ad\u017ei\u0107 govorio o prostoru dana\u0161nje Podgorice u venecijanskim dokumentima iz 1614. godine.<\/p>\n\n\n\n<p>\u201cU nastavku su izlagali Adnan Pepi\u0107, Amer Zub\u010devi\u0107, Radoica Pavi\u0107evi\u0107, Dr Sait Saboti\u0107, Dr Enes Turbi\u0107 i Veselin Konjevi\u0107, koji su u svojim radovima obradili teme od zna\u010daja za razumijevanje osmanskog perioda, uklju\u010duju\u0107i tvr\u0111avu Depedogen, kadiluke, logore-utvr\u0111enja i pomen Podgorice u osmanskim izvorima\u201d, navodi se u saop\u0161tenju.<\/p>\n\n\n\n<p>Popodnevni dio programa obuhvati\u0107e izlaganja Nuridina Ahmetija, prof. dr \u0160erba Rastodera, Seada Jasavi\u0107a, Izeta \u0160aboti\u0107a, Danila Burzana i Ayten Ardel, dok je zavr\u0161ni blok bio rezervisan za diskusije, kao i prezentacije radova o urbanim i arhitektonskim strukturama Podgorice u osmanskom periodu (Rifat Alihod\u017ei\u0107) i reafirmaciji ba\u0161tine kroz UNESCO metodologiju (Lamija Ak\u0161amija).<\/p>\n\n\n\n<p>\u201cKako je istaknuto od strane organizatora, cilj simpozijuma je da se kroz nau\u010dnu argumentaciju, uz kori\u0161\u0107enje osmanskih, venecijanskih i doma\u0107ih izvora, objektivno sagleda vi\u0161eslojna istorija Podgorice tokom vi\u0161e od \u010detiri stolje\u0107a osmanske vladavine. Poseban zna\u010daj daje se interdisciplinarnom pristupu, u kojem se pro\u017eimaju istorija, arhitektura, sociologija, kulturologija i umjetnost\u201d, navodi se u saop\u0161tenju.<\/p>\n\n\n\n<p>Skup \u0107e trajati dva dana \u2013 4. i 5. oktobra, a predvi\u0111ena su nova izlaganja, diskusije i zaklju\u010dci koji \u0107e biti publikovani u posebnom zborniku radova.<\/p>\n\n\n\n<p>\u201cOvaj simpozijum predstavlja va\u017ean doprinos ne samo rasvjetljavanju osmanskog perioda na prostoru Podgorice, ve\u0107 i o\u010duvanju sje\u0107anja na bogatu pro\u0161lost ovog grada, koja je oblikovala njegov identitet i kulturnu raznolikost\u201d, zaklju\u010duje se u saop\u0161tenju.<\/p>","protected":false},"excerpt":{"rendered":"<p>U hotelu \u201cBristol\u201c u Podgorici danas je po\u010deo me\u0111unarodni nau\u010dni simpozijum pod nazivom \u201cPodgorica u vrijeme vladavine Osmanlija (1474\u20131878)\u201d, u organizaciji Islamske zajednice u Crnoj Gori \u2013 Me\u0161ihata Islamske zajednice.<\/p>","protected":false},"author":1,"featured_media":844879,"comment_status":"open","ping_status":"open","sticky":false,"template":"","format":"standard","meta":{"_acf_changed":false,"footnotes":"","jetpack_publicize_message":"","jetpack_publicize_feature_enabled":true,"jetpack_social_post_already_shared":false,"jetpack_social_options":{"image_generator_settings":{"template":"highway","default_image_id":0,"font":"","enabled":false},"version":2}},"categories":[9],"tags":[8235,8236],"naslovna":[],"class_list":["post-844878","post","type-post","status-publish","format-standard","has-post-thumbnail","hentry","category-drustvo","tag-bristol","tag-medjunarodni-naucni-simpozijum"],"acf":[],"jetpack_publicize_connections":[],"_links":{"self":[{"href":"https:\/\/gradski.me\/en\/wp-json\/wp\/v2\/posts\/844878","targetHints":{"allow":["GET"]}}],"collection":[{"href":"https:\/\/gradski.me\/en\/wp-json\/wp\/v2\/posts"}],"about":[{"href":"https:\/\/gradski.me\/en\/wp-json\/wp\/v2\/types\/post"}],"author":[{"embeddable":true,"href":"https:\/\/gradski.me\/en\/wp-json\/wp\/v2\/users\/1"}],"replies":[{"embeddable":true,"href":"https:\/\/gradski.me\/en\/wp-json\/wp\/v2\/comments?post=844878"}],"version-history":[{"count":0,"href":"https:\/\/gradski.me\/en\/wp-json\/wp\/v2\/posts\/844878\/revisions"}],"wp:featuredmedia":[{"embeddable":true,"href":"https:\/\/gradski.me\/en\/wp-json\/wp\/v2\/media\/844879"}],"wp:attachment":[{"href":"https:\/\/gradski.me\/en\/wp-json\/wp\/v2\/media?parent=844878"}],"wp:term":[{"taxonomy":"category","embeddable":true,"href":"https:\/\/gradski.me\/en\/wp-json\/wp\/v2\/categories?post=844878"},{"taxonomy":"post_tag","embeddable":true,"href":"https:\/\/gradski.me\/en\/wp-json\/wp\/v2\/tags?post=844878"},{"taxonomy":"naslovna","embeddable":true,"href":"https:\/\/gradski.me\/en\/wp-json\/wp\/v2\/naslovna?post=844878"}],"curies":[{"name":"wp","href":"https:\/\/api.w.org\/{rel}","templated":true}]}}