{"id":844554,"date":"2025-10-03T17:28:00","date_gmt":"2025-10-03T15:28:00","guid":{"rendered":"https:\/\/gradski.me\/?p=844554"},"modified":"2025-10-03T17:28:00","modified_gmt":"2025-10-03T15:28:00","slug":"ko-je-bio-ubica-jevreja-iz-mancestera","status":"publish","type":"post","link":"https:\/\/gradski.me\/en\/svijet\/ko-je-bio-ubica-jevreja-iz-mancestera\/","title":{"rendered":"Ko je bio ubica Jevreja iz Man\u010destera?"},"content":{"rendered":"<p><\/p>\n\n\n\n<h3 class=\"wp-block-heading\">Porodica: \u0160okirani smo, ogra\u0111ujemo se<\/h3>\n\n\n\n<p>Njegova porodica danas je objavila izjavu u kojoj se u potpunosti ogra\u0111uje od napada. U ime porodice u Ujedinjenom Kraljevstvu i inostranstvu, Faraj Al-\u0160ami je poru\u010dio: &#8222;Vijesti iz Man\u010destera o teroristi\u010dkom napadu na jevrejsku sinagogu duboko su nas \u0161okirale. Porodica Al-\u0160ami u Ujedinjenom Kraljevstvu i inostranstvu sna\u017eno osu\u0111uje ovaj gnusan \u010din, \u010dija meta su bili mirni, nevini civili.&#8220;<\/p>\n\n\n\n<p>&#8222;Potpuno se ogra\u0111ujemo od ovog napada i izra\u017eavamo dubok \u0161ok i tugu zbog onoga \u0161to se dogodilo. Na\u0161a srca i misli su sa \u017ertvama i njihovim porodicama, i molimo se za njihovu snagu i utjehu&#8220;, stoji u izjavi.<\/p>\n\n\n\n<h3 class=\"wp-block-heading\">Uputili apel medijima<\/h3>\n\n\n\n<p>Porodica je tako\u0111e zamolila medije da po\u0161tuju njihovu privatnost &#8222;u ovom vrlo te\u0161kom vremenu&#8220; te da se &#8222;suzdr\u017ee od kori\u0161\u0107enja ovog tragi\u010dnog doga\u0111aja u bilo kojem kontekstu koji ne odra\u017eava istinu&#8220;.\u00a0&#8222;Neka se Bog smiluje nevinim \u017ertvama, i molimo se za brz oporavak povrije\u0111enih&#8220;, zaklju\u010duje se u saop\u0161tenju.<\/p>\n\n\n\n<h3 class=\"wp-block-heading\">\u0160ta ka\u017eu kom\u0161ije?<\/h3>\n\n\n\n<p>D\u017eef Halivel (72), \u010dija ruta za \u010di\u0161\u0107enje prozora uklju\u010duje i ku\u0107u u Langli Kre\u0161\u010dentu za koju se vjeruje da je pripadala Al-\u0160amiju, rekao je da je porodica &#8222;malo&#8220; poznavao i opisao ih kao &#8222;stvarno drage ljude&#8220;.<\/p>\n\n\n\n<p>&#8222;Bio sam zaprepa\u0161ten, bio sam \u0161okiran&#8220;, rekao je, dodav\u0161i kako vjeruje da se porodica doselila prije otprilike 15 godina. Prema njegovim rije\u010dima, Al-\u0160ami je ponekad nosio zapadnja\u010dku odje\u0107u, a ponekad &#8222;tradicionalnu&#8220; sirijsku. Tako\u0111e je spomenuo da je u dvori\u0161tu imao klupe za vje\u017ebanje.<\/p>\n\n\n\n<p>&#8222;Vi\u0111ao bih ga barem jednom ili dvaput nedjeljno, samo bismo rekli &#8216;zdravo&#8217;. Nisam mu \u010dak ni znao ime. Bio je jednostavno, obi\u010dan momak, ni po \u010demu se nije isticao&#8220;, ispri\u010dao je Halivel.<\/p>\n\n\n\n<h3 class=\"wp-block-heading\">&#8222;Bio je prili\u010dno nabildovan&#8220;<\/h3>\n\n\n\n<p>I druge kompije primijetile su njegovu strast prema vje\u017ebanju. &#8222;Vi\u0111ali smo ga vani u vrtu kako vje\u017eba, di\u017ee tegove, radi sklekove&#8220;, rekla je jedna kom\u0161inica, dodav\u0161i kako se sje\u0107a da je na toj adresi \u017eivjela i beba, ali nije vidjela \u017eenu. &#8222;Mijenjao je odje\u0107u. Jedan dan bi nosio punu haljinu, do poda, a sljede\u0107i traperice i donji dio pid\u017eame.&#8220;<\/p>\n\n\n\n<p>Jedan stanovnik je za Dejli Telegraf izjavio: &#8222;Prepoznao sam ga s fotografija napada\u010da. Prepoznao sam njegov mali auto, Kiju, jer bi ga uvijek lo\u0161e parkirao ispred na\u0161e ku\u0107e. Bio je prili\u010dno nabildovan i dr\u017eao je tegove za vje\u017ebanje u svojoj gara\u017ei. Nikada se nije \u010dinilo da razgovara s bilo kim ovdje.&#8220;<\/p>\n\n\n\n<h3 class=\"wp-block-heading\">Je li bio poznat policiji?<\/h3>\n\n\n\n<p>Prema prvim informacijama, Al-\u0160amijevo ime nije se pojavilo u po\u010detnim pretragama evidencija policije i bezbjednosnih slu\u017ebi za borbu protiv terorizma, te se ne vjeruje da je bio pod istragom. U toku su dodatne provjere kako bi se utvrdilo pojavljuje li se njegovo ime u kontekstu drugih istraga. Pojavile su se i informacije da je Al-\u0160ami radio kao u\u010ditelj, podu\u010davaju\u0107i engleski i kompjutersko programiranje, te da mu je otac po zanimanju hirurg.<\/p>\n\n\n\n<p>Ministrica unutra\u0161njih poslova \u0160abana Mahmud izjavila je da je bila &#8222;iznena\u0111ena&#8220; imenom napada\u010da. Gostuju\u0107i na radiju LBC, na pitanje voditelja o imenu D\u017eihad Al-\u0160ami, koje je on preveo kao &#8222;borba Sirijca&#8220;, odgovorila je: &#8222;Bila sam vrlo iznena\u0111ena kad sam i sama otkrila to ime. Zapravo, kao muslimanka, nikada nisam \u010dula da se neko zove D\u017eihad, ali to je ime s kojim je ro\u0111en &#8211; to je uvijek bilo njegovo ime.&#8220;<\/p>","protected":false},"excerpt":{"rendered":"<p>Polako sti\u017eu detalji o \u017eivotu D\u017eihada Al-\u0160amija, 35-godi\u0161njeg britanskog dr\u017eavljanina sirijskog porijekla koji je ju\u010de izveo smrtonosan napad na sinagogu u Man\u010desteru. Al-\u0160ami, koji je \u017eivio u Prestvi\u010du, rijetko je razgovarao sa kom\u0161ijama, a poznato je da je u Ujedinjeno Kraljevstvo stigao kao dijete te je dr\u017eavljanstvo dobio 2006. godine, s otprilike 16 godina, pi\u0161e\u00a0BBC. U napadu su, podsjetimo, ubijene dvije osobe, a tri su te\u0161ko ranjene.<\/p>","protected":false},"author":1,"featured_media":844560,"comment_status":"open","ping_status":"open","sticky":false,"template":"","format":"standard","meta":{"_acf_changed":false,"footnotes":"","jetpack_publicize_message":"","jetpack_publicize_feature_enabled":true,"jetpack_social_post_already_shared":false,"jetpack_social_options":{"image_generator_settings":{"template":"highway","default_image_id":0,"font":"","enabled":false},"version":2}},"categories":[14],"tags":[7879,8012,6672],"naslovna":[],"class_list":["post-844554","post","type-post","status-publish","format-standard","has-post-thumbnail","hentry","category-svijet","tag-jevreji","tag-mancester-2","tag-ubica"],"acf":[],"jetpack_publicize_connections":[],"_links":{"self":[{"href":"https:\/\/gradski.me\/en\/wp-json\/wp\/v2\/posts\/844554","targetHints":{"allow":["GET"]}}],"collection":[{"href":"https:\/\/gradski.me\/en\/wp-json\/wp\/v2\/posts"}],"about":[{"href":"https:\/\/gradski.me\/en\/wp-json\/wp\/v2\/types\/post"}],"author":[{"embeddable":true,"href":"https:\/\/gradski.me\/en\/wp-json\/wp\/v2\/users\/1"}],"replies":[{"embeddable":true,"href":"https:\/\/gradski.me\/en\/wp-json\/wp\/v2\/comments?post=844554"}],"version-history":[{"count":0,"href":"https:\/\/gradski.me\/en\/wp-json\/wp\/v2\/posts\/844554\/revisions"}],"wp:featuredmedia":[{"embeddable":true,"href":"https:\/\/gradski.me\/en\/wp-json\/wp\/v2\/media\/844560"}],"wp:attachment":[{"href":"https:\/\/gradski.me\/en\/wp-json\/wp\/v2\/media?parent=844554"}],"wp:term":[{"taxonomy":"category","embeddable":true,"href":"https:\/\/gradski.me\/en\/wp-json\/wp\/v2\/categories?post=844554"},{"taxonomy":"post_tag","embeddable":true,"href":"https:\/\/gradski.me\/en\/wp-json\/wp\/v2\/tags?post=844554"},{"taxonomy":"naslovna","embeddable":true,"href":"https:\/\/gradski.me\/en\/wp-json\/wp\/v2\/naslovna?post=844554"}],"curies":[{"name":"wp","href":"https:\/\/api.w.org\/{rel}","templated":true}]}}