{"id":844504,"date":"2025-10-03T18:14:00","date_gmt":"2025-10-03T16:14:00","guid":{"rendered":"https:\/\/gradski.me\/?p=844504"},"modified":"2025-10-03T18:14:00","modified_gmt":"2025-10-03T16:14:00","slug":"perast-izmedju-nasljedja-i-buducnosti-zajednica-struka-i-institucije-ujedinjeni-za-ocuvanje-grada-2","status":"publish","type":"post","link":"https:\/\/gradski.me\/en\/kultura\/perast-izmedju-nasljedja-i-buducnosti-zajednica-struka-i-institucije-ujedinjeni-za-ocuvanje-grada-2\/","title":{"rendered":"Perast izme\u0111u naslje\u0111a i budu\u0107nosti: Zajednica, struka i institucije ujedinjeni za o\u010duvanje grada"},"content":{"rendered":"<p><\/p>\n\n\n\n<p><\/p>\n\n\n\n<p><\/p>\n\n\n\n<p>U okviru projekta Perast: Mobilising Competences, koji traje do decembra 2025. godine, eksperti iz oblasti urbanog razvoja i arhitekture, o\u010duvanja kulturne ba\u0161tine, pravnih nauka i pribavljanja finansija radili su na izradi tri strate\u0161ka dokumenta: studije izvodljivosti, mapiranja prostora ba\u0161tine i strategije obnove palate Mazarovi\u0107. Ovi dokumenti unaprije\u0111eni su tokom Co-creation Lab-a kada su, pored stru\u010dnih lica, razvijani uz konsultacije sa lokalnom zajednicom, relevantnim akterima i, prije svega, mje\u0161tanima Perasta.<\/p>\n\n\n\n<p>Razgovaralo se o tome kako Perast mo\u017ee da o\u017eivi svoje prostore i tradiciju na na\u010din koji \u0107e slu\u017eiti zajednici. Pokrenuta je inicijativa za obnovu i otvaranje palate Mazarovi\u0107 za javnost i kreiranje kulturnih i obrazovnih programa, sa ciljem da Palata ne dobije samo novi izgled, ve\u0107 da postane mjesto dostupno svima, za koncerte, izlo\u017ebe, radionice i okupljanja. Otvaranje vrta palate Mazarovi\u0107 bi\u0107e prvi korak. Vrti su osmi\u0161ljeni kao prostor sa autohtonom hortikulturom, modularnim mobilijarom i malom pozornicom, dok \u0107e osvjetljenje palate simboli\u010dno ozna\u010diti novo poglavlje u njenoj pri\u010di.<\/p>\n\n\n\n<p>\u201eAkcenat je na palati Mazarovi\u0107. Projekat ne\u0107e samo promijeniti izgled palate, ve\u0107 \u0107e joj dati novu vrijednost i novi \u017eivot. Omogu\u0107i\u0107e mje\u0161tanima i posjetiocima da se okupljaju na kulturnim i dru\u0161tvenim doga\u0111ajima,\u201c rekla je<strong>&nbsp;Nikoleta Lindi,<\/strong>&nbsp;predsjednica Mjesne zajednice Perast.<\/p>\n\n\n\n<p>Koordinator projekta,<strong>&nbsp;\u0110or\u0111e Krivokapi\u0107<\/strong>, podsjetio je da se i pro\u0161logodi\u0161njim obilje\u017eavanjem 400 godina od Velike pohare Perasta otvorio razgovor o identitetu i otpornosti grada:<\/p>\n\n\n\n<p>\u201eSvaka inicijativa koja se bavi ba\u0161tinom i njenom za\u0161titom zahtjevna je i tra\u017ei uklju\u010divanje razli\u010ditih aktera.\u201c<\/p>\n\n\n\n<p>Arhitekta&nbsp;<strong>Branko Nikoli\u0107<\/strong>&nbsp;naglasio je va\u017enost dugoro\u010dnog pristupa i uklju\u010divanje zajednice:<\/p>\n\n\n\n<p>\u201eVa\u017eni, koliko i sam grad, ako ne i va\u017eniji, su Pera\u0161tani, koji odr\u017eavaju duh i tradiciju. Potrebno je da se oni mobili\u0161u i da oni povedu ovu transformaciju, da grad postepeno i planski evoluira u skladu sa savremenim potrebama.\u201c<\/p>\n\n\n\n<figure class=\"wp-block-image\" id=\"attachment_2464779\"><img decoding=\"async\" src=\"https:\/\/www.cdm.me\/wp-content\/uploads\/2025\/10\/3-PMC-Slike-4.jpg\" alt=\"\" class=\"wp-image-2464779\" title=\"\"><figcaption class=\"wp-element-caption\">Photo: KotorArt<\/figcaption><\/figure>\n\n\n\n<p>Ipak, najvi\u0161e se \u010dula rije\u010d samih Pera\u0161tana.<\/p>\n\n\n\n<p>\u201eMje\u0161tani prije svega \u010dekaju na javni prostor koji \u0107e biti dostupan svima. Perast je grad festivala, doga\u0111aja i radionica, a ovim prostorom dobi\u0107emo dodatni sadr\u017eaj za sve,\u201c poru\u010dio je<strong>&nbsp;Andro Radulovi\u0107<\/strong>&nbsp;iz Dru\u0161tva prijatelja grada Perasta.<\/p>\n\n\n\n<p>Na kraju, susret je pokazao da zajedni\u010dkim djelovanjem civilnog i javnog sektora, odnosno mje\u0161tana, organizacija i Op\u0161tine Kotor postoji nada i put naprijed za Perast.<\/p>\n\n\n\n<p>Umjesto da grad bude samo kulisa turizma, stvara se prostor za trajna rje\u0161enja: otvorena palata, novi programi i \u017eivot zajednice u srcu grada.<\/p>\n\n\n\n<p>\u201eVratili ste mi nadu!\u201c rekla je prof.&nbsp;<strong>Tina Brai\u0107 Ugrini\u0107,<\/strong>&nbsp;predsjednica NVO \u201eMe\u0111unarodni festival klapa Perast\u201c, osvr\u0107u\u0107i se na sve \u0161to projekat mo\u017ee donijeti Perastu.<\/p>\n\n\n\n<p>Co-creation Lab odr\u017ean je u sklopu projekta \u201ePerast: Mobilising Competences\u201c. Partneri na projektu su SHARE Fondacija, Op\u0161tina Kotor i Fondacija Don Branko Sbutega, a inicijativu podr\u017eava UNESCO kroz projekat Kultura i kreativnost za Zapadni Balkan (CC4WBs), koji finansira Evropska unija.<\/p>","protected":false},"excerpt":{"rendered":"<p>Nekada va\u017ean pomorski i trgova\u010dki centar, a danas mjesto sa manje od 200 stanovnika, Perast \u017eivi od svog naslje\u0111a i sna\u017eno zavisi od turizma. Upravo zato, od 26. do 30. septembra, u Perastu i Kotoru odr\u017ean je Co-creation Lab, vi\u0161ednevni susret mje\u0161tana, stru\u010dnjaka i partnera koji su zajedno promi\u0161ljali kako da se grad sa\u010duva i razvija.<\/p>","protected":false},"author":1,"featured_media":844505,"comment_status":"open","ping_status":"open","sticky":false,"template":"","format":"standard","meta":{"_acf_changed":false,"footnotes":"","jetpack_publicize_message":"","jetpack_publicize_feature_enabled":true,"jetpack_social_post_already_shared":false,"jetpack_social_options":{"image_generator_settings":{"template":"highway","default_image_id":0,"font":"","enabled":false},"version":2}},"categories":[11],"tags":[2344,5810],"naslovna":[],"class_list":["post-844504","post","type-post","status-publish","format-standard","has-post-thumbnail","hentry","category-kultura","tag-kultura","tag-perast"],"acf":[],"jetpack_publicize_connections":[],"_links":{"self":[{"href":"https:\/\/gradski.me\/en\/wp-json\/wp\/v2\/posts\/844504","targetHints":{"allow":["GET"]}}],"collection":[{"href":"https:\/\/gradski.me\/en\/wp-json\/wp\/v2\/posts"}],"about":[{"href":"https:\/\/gradski.me\/en\/wp-json\/wp\/v2\/types\/post"}],"author":[{"embeddable":true,"href":"https:\/\/gradski.me\/en\/wp-json\/wp\/v2\/users\/1"}],"replies":[{"embeddable":true,"href":"https:\/\/gradski.me\/en\/wp-json\/wp\/v2\/comments?post=844504"}],"version-history":[{"count":0,"href":"https:\/\/gradski.me\/en\/wp-json\/wp\/v2\/posts\/844504\/revisions"}],"wp:featuredmedia":[{"embeddable":true,"href":"https:\/\/gradski.me\/en\/wp-json\/wp\/v2\/media\/844505"}],"wp:attachment":[{"href":"https:\/\/gradski.me\/en\/wp-json\/wp\/v2\/media?parent=844504"}],"wp:term":[{"taxonomy":"category","embeddable":true,"href":"https:\/\/gradski.me\/en\/wp-json\/wp\/v2\/categories?post=844504"},{"taxonomy":"post_tag","embeddable":true,"href":"https:\/\/gradski.me\/en\/wp-json\/wp\/v2\/tags?post=844504"},{"taxonomy":"naslovna","embeddable":true,"href":"https:\/\/gradski.me\/en\/wp-json\/wp\/v2\/naslovna?post=844504"}],"curies":[{"name":"wp","href":"https:\/\/api.w.org\/{rel}","templated":true}]}}