{"id":844483,"date":"2025-10-03T16:14:00","date_gmt":"2025-10-03T14:14:00","guid":{"rendered":"https:\/\/gradski.me\/?p=844483"},"modified":"2025-10-03T16:14:00","modified_gmt":"2025-10-03T14:14:00","slug":"novi-soj-koronavirusa-frankenstajn-dominantan-u-evropi-bez-tezih-simptoma","status":"publish","type":"post","link":"https:\/\/gradski.me\/en\/zanimljivosti\/novi-soj-koronavirusa-frankenstajn-dominantan-u-evropi-bez-tezih-simptoma\/","title":{"rendered":"Novi soj koronavirusa &#8222;Franken\u0161tajn&#8220; dominantan u Evropi, bez te\u017eih simptoma"},"content":{"rendered":"<p><\/p>\n\n\n\n<p>Kako obja\u0161njava infektolog Alesandro Dijana, stru\u010dnjak platforme InfoVac, rije\u010d je o varijanti koja predstavlja spoj dva podsoja omikron varijante, prenio je \u0161vajcarski javni servis .<\/p>\n\n\n\n<p>Iako je novi soj znatno zarazniji, ne smatra se opasnijim u smislu te\u017eine simptoma, a klini\u010dka slika ostaje sli\u010dna, sa simptomima kijavice, bola u grlu i bolovima u mi\u0161i\u0107ima.<\/p>\n\n\n\n<p>&#8222;Svaka osoba koja trenutno ima simptome prehlade, grlobolju i bolove u tijelu, mogu\u0107e je da ima kovid&#8220;, izjavio je dr Dijana.<\/p>\n\n\n\n<p>On nagla\u0161ava da su dostupne vakcine i dalje efikasne protiv ove varijante virusa.<\/p>","protected":false},"excerpt":{"rendered":"<p>Novi soj koronavirusa, ozna\u010den kao XFG i nazvan &#8222;Franken\u0161tajn&#8220;, postao je dominantan u Evropi, a prema podacima Evropskog centra za prevenciju i kontrolu bolesti (ECDC), ovaj soj \u010dinio je po\u010detkom septembra vi\u0161e od 80 odsto registrovanih infekcija.<\/p>","protected":false},"author":1,"featured_media":673623,"comment_status":"open","ping_status":"open","sticky":false,"template":"","format":"standard","meta":{"_acf_changed":false,"footnotes":"","jetpack_publicize_message":"","jetpack_publicize_feature_enabled":true,"jetpack_social_post_already_shared":false,"jetpack_social_options":{"image_generator_settings":{"template":"highway","default_image_id":0,"font":"","enabled":false},"version":2}},"categories":[24],"tags":[8133,8134,8135,1107],"naslovna":[],"class_list":["post-844483","post","type-post","status-publish","format-standard","has-post-thumbnail","hentry","category-zanimljivosti","tag-frajnkejnstajn","tag-korona","tag-novi-soj","tag-virus"],"acf":[],"jetpack_publicize_connections":[],"_links":{"self":[{"href":"https:\/\/gradski.me\/en\/wp-json\/wp\/v2\/posts\/844483","targetHints":{"allow":["GET"]}}],"collection":[{"href":"https:\/\/gradski.me\/en\/wp-json\/wp\/v2\/posts"}],"about":[{"href":"https:\/\/gradski.me\/en\/wp-json\/wp\/v2\/types\/post"}],"author":[{"embeddable":true,"href":"https:\/\/gradski.me\/en\/wp-json\/wp\/v2\/users\/1"}],"replies":[{"embeddable":true,"href":"https:\/\/gradski.me\/en\/wp-json\/wp\/v2\/comments?post=844483"}],"version-history":[{"count":0,"href":"https:\/\/gradski.me\/en\/wp-json\/wp\/v2\/posts\/844483\/revisions"}],"wp:featuredmedia":[{"embeddable":true,"href":"https:\/\/gradski.me\/en\/wp-json\/wp\/v2\/media\/673623"}],"wp:attachment":[{"href":"https:\/\/gradski.me\/en\/wp-json\/wp\/v2\/media?parent=844483"}],"wp:term":[{"taxonomy":"category","embeddable":true,"href":"https:\/\/gradski.me\/en\/wp-json\/wp\/v2\/categories?post=844483"},{"taxonomy":"post_tag","embeddable":true,"href":"https:\/\/gradski.me\/en\/wp-json\/wp\/v2\/tags?post=844483"},{"taxonomy":"naslovna","embeddable":true,"href":"https:\/\/gradski.me\/en\/wp-json\/wp\/v2\/naslovna?post=844483"}],"curies":[{"name":"wp","href":"https:\/\/api.w.org\/{rel}","templated":true}]}}