{"id":844454,"date":"2025-10-03T13:55:00","date_gmt":"2025-10-03T11:55:00","guid":{"rendered":"https:\/\/gradski.me\/?p=844454"},"modified":"2025-10-03T13:55:00","modified_gmt":"2025-10-03T11:55:00","slug":"popovic-ovakvu-postupci-zastrasivanja-nece-biti-tolerisani","status":"publish","type":"post","link":"https:\/\/gradski.me\/en\/drustvo\/popovic-ovakvu-postupci-zastrasivanja-nece-biti-tolerisani\/","title":{"rendered":"Popovi\u0107: Ovakvu postupci zastra\u0161ivanja ne\u0107e biti tolerisani"},"content":{"rendered":"<p><\/p>\n\n\n\n<p>&#8222;Ovo nije samo napad na jednu novinarku, ovo je udar na sve \u017eene koje svakodnevno hrabro obavljaju svoj posao, trude se da doprinesu dru\u0161tvu i nose ogroman teret odgovornosti, \u010desto uz rizik po svoju sigurnost. Kada \u017eena, majka, sestra ili k\u0107erka postane meta prijetnji i zastra\u0161ivanja samo zato \u0161to se usu\u0111uje da govori istinu i tra\u017ei pravdu, to je udar na same temelje na\u0161eg dru\u0161tva. Ovo nije obi\u010dna prijetnja ve\u0107 poruka mr\u017enje, zastra\u0161ivanja i poku\u0161aj da se u\u0107utka slobodan glas. Kao \u017eena i kao politi\u010darka, ne mogu ostati nijema na ovakvu brutalnost. Svaka prijetnja \u017eenama koje rade u javnom prostoru mora biti shva\u0107ena i kao prijetnja svim \u017eenama u Crnoj Gori, jer \u0161alje poruku da one nisu bezbjedne kada se usude da dignu glas&#8220;, istakla je Popovi\u0107.<\/p>\n\n\n\n<p>Ona je navela da o\u010dekuje od nadle\u017enih institucija da hitno i odlu\u010dno djeluju i po\u0161alju jasnu poruku da u na\u0161oj zemlji nema mjesta za prijetnje, ucjene i nasilje.<\/p>\n\n\n\n<p>&#8222;Ako dozvolimo da novinarke budu zastra\u0161ene, da se njihov glas gu\u0161i prijetnjama i strahom, onda smo dozvolili da tama i ti\u0161ina zamijene slobodu i demokratiju. Ne smijemo dozvoliti da se \u0107utanje nametne \u017eenama koje se bore za javni interes. Crna Gora mora biti zemlja u kojoj se \u017eene po\u0161tuju, \u0161tite i cijene jer bez toga nema ni pravde ni slobode&#8220;, zaklju\u010duje Popovi\u0107.<\/p>","protected":false},"excerpt":{"rendered":"<p>Kao potpredsjednica Skup\u0161tine, ali i kao \u017eena koja je i sama godinama trpjela napade, uvrede i poku\u0161aje zastra\u0161ivanja, osje\u0107am posebnu obavezu da dignem glas i da jasno poru\u010dim da ovakvi postupci ne\u0107e biti tolerisani. Znam koliko je te\u0161ko kad se osje\u0107ate izlo\u017eeno, kad se va\u0161e rije\u010di poku\u0161avaju ugu\u0161iti prijetnjama, i upravo zato danas stojim rame uz rame sa Jelenom Jovanovi\u0107 i svim \u017eenama koje su bile mete brutalnih napada samo zato \u0161to se nijesu upla\u0161ile da govore istinu, navodi se u saop\u0161tenju potpredsjednice Skup\u0161tine Zdenke Popovi\u0107.<\/p>","protected":false},"author":1,"featured_media":621881,"comment_status":"open","ping_status":"open","sticky":false,"template":"","format":"standard","meta":{"_acf_changed":false,"footnotes":"","jetpack_publicize_message":"","jetpack_publicize_feature_enabled":true,"jetpack_social_post_already_shared":false,"jetpack_social_options":{"image_generator_settings":{"template":"highway","default_image_id":0,"font":"","enabled":false},"version":2}},"categories":[9],"tags":[5728,3994],"naslovna":[],"class_list":["post-844454","post","type-post","status-publish","format-standard","has-post-thumbnail","hentry","category-drustvo","tag-jelena-jovanovic","tag-zdenka-popovic"],"acf":[],"jetpack_publicize_connections":[],"_links":{"self":[{"href":"https:\/\/gradski.me\/en\/wp-json\/wp\/v2\/posts\/844454","targetHints":{"allow":["GET"]}}],"collection":[{"href":"https:\/\/gradski.me\/en\/wp-json\/wp\/v2\/posts"}],"about":[{"href":"https:\/\/gradski.me\/en\/wp-json\/wp\/v2\/types\/post"}],"author":[{"embeddable":true,"href":"https:\/\/gradski.me\/en\/wp-json\/wp\/v2\/users\/1"}],"replies":[{"embeddable":true,"href":"https:\/\/gradski.me\/en\/wp-json\/wp\/v2\/comments?post=844454"}],"version-history":[{"count":0,"href":"https:\/\/gradski.me\/en\/wp-json\/wp\/v2\/posts\/844454\/revisions"}],"wp:featuredmedia":[{"embeddable":true,"href":"https:\/\/gradski.me\/en\/wp-json\/wp\/v2\/media\/621881"}],"wp:attachment":[{"href":"https:\/\/gradski.me\/en\/wp-json\/wp\/v2\/media?parent=844454"}],"wp:term":[{"taxonomy":"category","embeddable":true,"href":"https:\/\/gradski.me\/en\/wp-json\/wp\/v2\/categories?post=844454"},{"taxonomy":"post_tag","embeddable":true,"href":"https:\/\/gradski.me\/en\/wp-json\/wp\/v2\/tags?post=844454"},{"taxonomy":"naslovna","embeddable":true,"href":"https:\/\/gradski.me\/en\/wp-json\/wp\/v2\/naslovna?post=844454"}],"curies":[{"name":"wp","href":"https:\/\/api.w.org\/{rel}","templated":true}]}}