{"id":844378,"date":"2025-10-03T13:35:00","date_gmt":"2025-10-03T11:35:00","guid":{"rendered":"https:\/\/gradski.me\/?p=844378"},"modified":"2025-10-03T13:35:00","modified_gmt":"2025-10-03T11:35:00","slug":"besplatno-testiranje-inteligencije-za-studente-i-zaposlene-na-univerzitetu-crne-gore","status":"publish","type":"post","link":"https:\/\/gradski.me\/en\/drustvo\/besplatno-testiranje-inteligencije-za-studente-i-zaposlene-na-univerzitetu-crne-gore\/","title":{"rendered":"Besplatno testiranje inteligencije za studente i zaposlene na Univerzitetu Crne Gore"},"content":{"rendered":"<p><\/p>\n\n\n\n<p>Testiranje \u0107e se odr\u017eati u zgradi Rektorata Univerziteta Crne Gore,<strong>&nbsp;9. oktobra 2025. sa po\u010detkom u 11.00 sati.&nbsp;<\/strong>U slu\u010daju organizacije testiranja u vi\u0161e grupa, prijavljeni kandidati \u0107e biti naknadno obavije\u0161teni o ta\u010dnom terminu.<\/p>\n\n\n\n<p>Obavezno je popuniti&nbsp;<strong><a href=\"https:\/\/forms.gle\/zZGjqfiqRiiTp3sz8\" target=\"_blank\" rel=\"noopener\">upitnik<\/a>&nbsp;<\/strong><a href=\"https:\/\/forms.gle\/zZGjqfiqRiiTp3sz8\" target=\"_blank\" rel=\"noopener\">https:\/\/forms.gle\/zZGjqfiqRiiTp3sz8<\/a><\/p>\n\n\n\n<p><strong>Va\u017ene informacije:<\/strong><\/p>\n\n\n\n<p>Svi kandidati prilikom pristupa testiranju treba da poka\u017eu validan identifikacioni dokument.<\/p>\n\n\n\n<ul class=\"wp-block-list\">\n<li>Studenti i zaposleni na Univerzitetu Crne Gore moraju naglasiti na kraju prijave da su studenti ili zaposleni na Univerzitetu.\u00a0<strong>Dokaz za studente je indeks sa upisanim zimskim semestrom 2025\/26.<\/strong><\/li>\n\n\n\n<li>Kandidati koji nisu zaposleni niti studenti Unvierziteta Crne Gore testiranju mogu pristupiti nakon uplate naknade za testiranje od 20 evra na \u017eiro ra\u010dun Mense Crne Gore 520-14442-11 sa naznakom\u00a0<em>Uplata za testiranje 9. 10. 2025.<\/em><\/li>\n\n\n\n<li>Kandidati koji se prijavljuju za testiranje moraju imati navr\u0161enih 16 godina na dan testiranja.<\/li>\n\n\n\n<li>Mensin test mo\u017eete raditi najvi\u0161e tri puta u \u017eivotu, pri \u010demu od posljednjeg testiranja mora pro\u0107i vi\u0161e od godinu dana. Prijave su otvorene najkasnije do 8. oktobra do 12.00 sati.<\/li>\n<\/ul>\n\n\n\n<p>Za sva dodatna pitanja ili nedoumice zainteresovani se mogu obratiti na mejl&nbsp;<a href=\"mailto:testiranje@mensa.me\">testiranje@mensa.me<\/a>.<\/p>","protected":false},"excerpt":{"rendered":"<p>Mensa Crne Gore i Univerzitet Crne Gore, u okviru obilje\u017eavanja Festivala umjetnosti, nauke i kulture FUNK, organizuju besplatno testiranje bazi\u010dne inteligencije za sve aktivne studente Univerziteta Crne Gore, kao i kolektiv i zaposlene na Univerzitetu Crne Gore.<\/p>","protected":false},"author":1,"featured_media":844379,"comment_status":"open","ping_status":"open","sticky":false,"template":"","format":"standard","meta":{"_acf_changed":false,"footnotes":"","jetpack_publicize_message":"","jetpack_publicize_feature_enabled":true,"jetpack_social_post_already_shared":false,"jetpack_social_options":{"image_generator_settings":{"template":"highway","default_image_id":0,"font":"","enabled":false},"version":2}},"categories":[9],"tags":[8103,8104,76],"naslovna":[],"class_list":["post-844378","post","type-post","status-publish","format-standard","has-post-thumbnail","hentry","category-drustvo","tag-mensa","tag-test-inteligencije","tag-ucg"],"acf":[],"jetpack_publicize_connections":[],"_links":{"self":[{"href":"https:\/\/gradski.me\/en\/wp-json\/wp\/v2\/posts\/844378","targetHints":{"allow":["GET"]}}],"collection":[{"href":"https:\/\/gradski.me\/en\/wp-json\/wp\/v2\/posts"}],"about":[{"href":"https:\/\/gradski.me\/en\/wp-json\/wp\/v2\/types\/post"}],"author":[{"embeddable":true,"href":"https:\/\/gradski.me\/en\/wp-json\/wp\/v2\/users\/1"}],"replies":[{"embeddable":true,"href":"https:\/\/gradski.me\/en\/wp-json\/wp\/v2\/comments?post=844378"}],"version-history":[{"count":0,"href":"https:\/\/gradski.me\/en\/wp-json\/wp\/v2\/posts\/844378\/revisions"}],"wp:featuredmedia":[{"embeddable":true,"href":"https:\/\/gradski.me\/en\/wp-json\/wp\/v2\/media\/844379"}],"wp:attachment":[{"href":"https:\/\/gradski.me\/en\/wp-json\/wp\/v2\/media?parent=844378"}],"wp:term":[{"taxonomy":"category","embeddable":true,"href":"https:\/\/gradski.me\/en\/wp-json\/wp\/v2\/categories?post=844378"},{"taxonomy":"post_tag","embeddable":true,"href":"https:\/\/gradski.me\/en\/wp-json\/wp\/v2\/tags?post=844378"},{"taxonomy":"naslovna","embeddable":true,"href":"https:\/\/gradski.me\/en\/wp-json\/wp\/v2\/naslovna?post=844378"}],"curies":[{"name":"wp","href":"https:\/\/api.w.org\/{rel}","templated":true}]}}