{"id":843485,"date":"2025-10-02T09:52:31","date_gmt":"2025-10-02T07:52:31","guid":{"rendered":"https:\/\/gradski.me\/?p=843485"},"modified":"2025-10-02T09:52:31","modified_gmt":"2025-10-02T07:52:31","slug":"odt-rozaje-dva-incidenta-na-hajli-pucnji-sa-teritorije-kosova-ostetili-kabine-zicare","status":"publish","type":"post","link":"https:\/\/gradski.me\/en\/hronika\/odt-rozaje-dva-incidenta-na-hajli-pucnji-sa-teritorije-kosova-ostetili-kabine-zicare\/","title":{"rendered":"ODT Ro\u017eaje: Dva incidenta na Hajli, pucnji sa teritorije Kosova o\u0161tetili kabine \u017ei\u010dare"},"content":{"rendered":"<p><\/p>\n\n\n\n<p><\/p>\n\n\n\n<p><\/p>\n\n\n\n<p>Kala\u010d je u Jutarnjem programu TVCG podsjetio na slu\u010daj od 23. jula pro\u0161le godine kada su obavije\u0161teni od slu\u017ebenika Odjeljenja bezbjednosti Ro\u017eaje da je na planini \u0160tedim do\u0161lo do upotrebe vatrenog oru\u017eja, te da je vi\u0161e projektila pogodilo kabinu \u017ei\u010dare Ski centra \u0160tedim-Hajla koja se gradi na teritoriji na\u0161e dr\u017eave. Ista situacija se dogodila i 24. augusta ove godine, kada je sa vi\u0161e projektila pogo\u0111ena kabina \u017ei\u010dare.<\/p>\n\n\n\n<p>&#8222;U Osnovnom dr\u017eavnom tu\u017eila\u0161tvu u Ro\u017eajama su formirana dva predmeta povodom ovih doga\u0111aja protiv nepoznatih u\u010dinilaca zbog krivi\u010dnog djela nedozvoljeno dr\u017eanje oru\u017eja i eksplozivnih materija i krivi\u010dnog djela izazivanja op\u0161te opasnosti. Odmah smo uputili zahtjeve slu\u017ebenicima Uprave policije, da preduzmu sve mjere i radnje iz njihove nadle\u017enosti kako bi se ova lica identifikovala, pribavili valjani dokazi, a kako bi tu\u017eila\u0161tvo moglo da goni navedena lica&#8220;, naveo je Kala\u010d.<\/p>\n\n\n\n<p>Prilikom uvi\u0111aja policije u prvom incidentu evidentirani su odre\u0111eni tragovi, koji su bili predmet odgovaraju\u0107eg vje\u0161ta\u010denja u Forenzi\u010dkom centru u Danilogradu.<\/p>\n\n\n\n<p>&#8222;Po nalogu tu\u017eila\u0161tva, slu\u017ebenici policije su saslu\u0161ali i vi\u0161e lica koja su bila u tom podru\u010dju kada se desio prvi doga\u0111aj. Sva ta lica su potvrdila da su \u010duli odre\u0111ene pucnje i da su ti pucnji dolazili sa teritorije Kosova. Rije\u010d je o radnicima koji su bili anga\u017eovani na izgradnji budu\u0107eg skijali\u0161ta. Slu\u017ebenici policije su zatekli tada o\u0161te\u0107enja na kabini \u017ei\u010dare. Izuzeti su odre\u0111eni tragovi koji poti\u010du od projektila i svi su bili predmet vje\u0161ta\u010denja u Forenzi\u010dkom centru Danilograda&#8220;, objasnio je Kala\u010d.<\/p>\n\n\n\n<p>Dodaje i da odmah nakon \u0161to su se desili ovi doga\u0111aji, slu\u017ebenici Odjeljenja bezbjednosti Ro\u017eaje su u saradnji sa grani\u010dnom policijom kontaktirali kolege sa Kosova kako bi im pomogli u rasvjetljavanju ovog doga\u0111aja ili eventualno pribavili odre\u0111ene dokaze i to u oba incidenta.<\/p>\n\n\n\n<p><\/p>\n\n\n\n<p>&#8222;Na\u017ealost, do dana dana\u0161njeg nismo dobili zvani\u010dne informacije od njih. Da li su i \u0161ta su preduzeli povodom ovih doga\u0111aja&#8220;, kazao je Kala\u010d.<\/p>\n\n\n\n<p>Nakon verbalne note koja je upu\u0107ena od na\u0161ih zvani\u010dnika Kosovu, stigle su informacije da oni rade na tim slu\u010dajevima, ali Kala\u010d isti\u010de da zvani\u010dne informacije o tome nemaju.<\/p>\n\n\n\n<p>&#8222;Ne znamo \u0161ta su kosovski slu\u017ebenici policije uradili, da li su prona\u0161li neke dokaze, jo\u0161 uvijek zvani\u010dno nismo obavije\u0161teni o tome. Osnovno dr\u017eavno tu\u017eila\u0161tvo u Ro\u017eajama \u0107e se u narednom periodu putem me\u0111unarodne pravne pomo\u0107i, odnosno zamolnicom, obratiti nadle\u017enom pravosudnom organu Kosova kako bi nas obavijestili da li je policija Kosova postupala po navedenim doga\u0111ajima, odnosno da li je izlazila na lice mjesta, da li su prikupili neke dokaze ili eventualno da li su otkrili izvr\u0161ioce ovog krivi\u010dnog djela&#8220;, naglasio je Kala\u010d.<br><br>Uputi\u0107e, dodaje, i zahtjeve slu\u017ebenicima policije, Odjeljenja bezbjednosti Ro\u017eaje, da preduzmu sve mjere radnje iz njihove nadle\u017enosti kako bi identifikovali ova lica i pribavili valjane dokaze na osnovu kojih bi Tu\u017eila\u0161tvo moglo da goni navedena lica.<\/p>","protected":false},"excerpt":{"rendered":"<p>Rukovodilac Osnovnog dr\u017eavnog tu\u017eila\u0161tva u Ro\u017eajama Aldin Kala\u010d, istakao je da su formirali dva predmeta povodom incidenata na \u0160tedimu u julu pro\u0161le godine i avgustu ove, kada su iz vatrenog oru\u017eja o\u0161te\u0107ene kabine \u017ei\u010dare na Ski centru Hajla-\u0160tedim. Pucnji su, prema navodima svjedoka, koji su bili na Ski centru, do\u0161li iz pravca Kosova, ali kako je Kala\u010d naglasio, do danas nijesu od kosovskih institucija dobili povratne informacije o preduzetim radnjama na provjeri ovih svjedo\u010denja i eventualnom pronala\u017eenju po\u010dinilaca.<\/p>","protected":false},"author":1,"featured_media":843486,"comment_status":"open","ping_status":"open","sticky":false,"template":"","format":"standard","meta":{"_acf_changed":false,"footnotes":"","jetpack_publicize_message":"","jetpack_publicize_feature_enabled":true,"jetpack_social_post_already_shared":false,"jetpack_social_options":{"image_generator_settings":{"template":"highway","default_image_id":0,"font":"","enabled":false},"version":2}},"categories":[10],"tags":[2969,7905],"naslovna":[],"class_list":["post-843485","post","type-post","status-publish","format-standard","has-post-thumbnail","hentry","category-hronika","tag-hronika","tag-odt-rozaje"],"acf":[],"jetpack_publicize_connections":[],"_links":{"self":[{"href":"https:\/\/gradski.me\/en\/wp-json\/wp\/v2\/posts\/843485","targetHints":{"allow":["GET"]}}],"collection":[{"href":"https:\/\/gradski.me\/en\/wp-json\/wp\/v2\/posts"}],"about":[{"href":"https:\/\/gradski.me\/en\/wp-json\/wp\/v2\/types\/post"}],"author":[{"embeddable":true,"href":"https:\/\/gradski.me\/en\/wp-json\/wp\/v2\/users\/1"}],"replies":[{"embeddable":true,"href":"https:\/\/gradski.me\/en\/wp-json\/wp\/v2\/comments?post=843485"}],"version-history":[{"count":0,"href":"https:\/\/gradski.me\/en\/wp-json\/wp\/v2\/posts\/843485\/revisions"}],"wp:featuredmedia":[{"embeddable":true,"href":"https:\/\/gradski.me\/en\/wp-json\/wp\/v2\/media\/843486"}],"wp:attachment":[{"href":"https:\/\/gradski.me\/en\/wp-json\/wp\/v2\/media?parent=843485"}],"wp:term":[{"taxonomy":"category","embeddable":true,"href":"https:\/\/gradski.me\/en\/wp-json\/wp\/v2\/categories?post=843485"},{"taxonomy":"post_tag","embeddable":true,"href":"https:\/\/gradski.me\/en\/wp-json\/wp\/v2\/tags?post=843485"},{"taxonomy":"naslovna","embeddable":true,"href":"https:\/\/gradski.me\/en\/wp-json\/wp\/v2\/naslovna?post=843485"}],"curies":[{"name":"wp","href":"https:\/\/api.w.org\/{rel}","templated":true}]}}