{"id":842890,"date":"2025-10-01T12:00:00","date_gmt":"2025-10-01T10:00:00","guid":{"rendered":"https:\/\/gradski.me\/?p=842890"},"modified":"2025-10-01T12:00:00","modified_gmt":"2025-10-01T10:00:00","slug":"mladi-kadar-u-tamnici-skarednih-ideologija","status":"publish","type":"post","link":"https:\/\/gradski.me\/en\/drustvo\/mladi-kadar-u-tamnici-skarednih-ideologija\/","title":{"rendered":"Mladi kadar u tamnici skarednih ideologija"},"content":{"rendered":"<p><strong><em>Pi\u0161e: Vojin Gruba\u010d<\/em><\/strong><\/p>\n\n\n\n<p><\/p>\n\n\n\n<p>Naime, Tatjana A\u0161anin, vrlo visprena voditeljka emisije je postavila Klikovcu jedno vrlo intrigantno test-pitanje: &#8222;Kada ste Dan nezavisnosti ove godine proslavljali u restoranu u kome su pripadnici Kava\u010dkog klana slavili ubistva \u010dlanova suparni\u010dkog klana, to je mjesto koje se povezuje sa odbjeglim inspektorom Ljubom Milovi\u0107em&#8230; Saznajemo da taj \u010dovjek je bio sve, samo ne policajac. Bio je, po optu\u017enici, najgora varijanta prljavog policajca. Samo vas pitam jo\u0161 jedno, i da zavr\u0161im ovu raspravu: tamo biste ponovo po\u0161li?&#8220; Klikovac je na to pitanje, bez razmi\u0161ljanja odgovorio: &#8222;Naravno&#8220;! Voditeljka je taj dijalog zavr\u0161ila: \u00abHvala vam\u00bb!<\/p>\n\n\n\n<p><strong><em>Ni\u0161ta novo ne o\u010dekivati od podmladka DPS-a<\/em><\/strong><\/p>\n\n\n\n<p>A za\u0161to ne re\u0107i hvala, kada je medijski auditorijum shvatio da se Andrija Klikovac u tom momentu katastrofalno spotakao i od perspektivnog mladog politi\u010dara srozao na nivo mlade politi\u010dka prisluge kriminalnog miljea i korumpiranog politi\u010dkog sistema koji se stvarao dok je on bio jo\u0161 dijete. To je bio jasan znak gra\u0111anima da se od mladih politi\u010dara DPS-a nema \u0161ta o\u010dekivati. Oni se napokolebljivo nalaze na istim tra\u010dnicama partije, koju mnogi politi\u010dari i analiti\u010dari ocjenjuju kao: politi\u010dko krilo organizovanog kriminala.<\/p>\n\n\n\n<p>Klikovac je u ovom slu\u010daju, a to se mo\u017ee bez ustezanja re\u0107i- dao indirektnu podr\u0161ku kontroverznom policajcu Ljubu Milovi\u0107u, iako je imao jednistvenu priliku da se kriti\u010dki osvrne na li\u010dnost biv\u0161eg policajca koju gra\u0111ani percepiraju negativno. Ipak, nije!<\/p>\n\n\n\n<p>Opet, samo proslavljanje ne\u010dije smrti, \u0161to se svojevremeno desilo upravo u restoranu &#8222;Grahovac&#8220; a vezano je za ubistvo suparnika u kriminalnom miljeu, govori o nekoj \u010dudnoj patologiji duha toga kolektiva. A tek seirenje, odnosno \u0161ovinisti\u010dki ispadi i uvredljive pjesme na ra\u010dun ubijenog koji je bio druge nacionalnosti, dalo je tom doga\u0111aju sjenku te\u0161ke bizarnosti.<\/p>\n\n\n\n<p>O tome svjedo\u010di i Skaj prepiska sa proslave ubistva Alana Ko\u017eara u restoranu &#8222;Grahovac&#8220;, gdje policajac Ljubo Milovi\u0107 prenosi atmosferu i ka\u017ee: &#8222;Idemo bra\u0107o, Sutjesku pjevamo. Morate je nau\u010diti&#8230; Ajmo Komita, ajmo Juniore&#8230; ajmo Brano\u00bb, \u010duje se na snimcima, a onda uz muziku povikuje: \u00abderi bre ove Turke, deri\u00bb&#8230; Kako su mogli spojiti \u00abpjevanje Sutjeske\u00bb sa kriminalnim pohodom \u00abderanja Turaka\u00bb, javnost se ne mo\u017ee \u010dudu na\u010duditi?<\/p>\n\n\n\n<p>I na tom mjestu nestvarnog kriminalnog teatra i horora je DPS proslavljao Dan nezavisnosti Crne Gore!? Klikovac u emisiji ka\u017ee da bi opet bio tamo!?<\/p>\n\n\n\n<p>Da su proslavljali No\u0107 vje\u0161tica, taj prostor bi bio sasvim adekvatan. Ali, Dan nezavisnosti Crne Gore?! Mada, mo\u017eda se i uklapa, jer su ga proslavljali uz Tompsona.<\/p>\n\n\n\n<p><strong><em>Ideolo\u0161ka ka\u0161a ispunjena apsurdom<\/em><\/strong><\/p>\n\n\n\n<p>Da zaklju\u010dimo, Andrija Klikovac i mladi politi\u010dari DPS-a sli\u010dni njemu su produkt jedne nevjerovatne ideolo\u0161ke ka\u0161e ispunjene protivurje\u010dnostima.<\/p>\n\n\n\n<p>Kod njih ne postoji jasno civilizacijsko razdvajanje, recimo heroja iz vremena NOB-a od sada\u0161njih \u00abheroja\u00bb te\u0161kog kriminala. Mladim snagama DPS-a, izgleda: Ljubo \u0106upi\u0107 i Ljubo Milovi\u0107 idu \u00abruku pod ruku\u00bb. Dodatnih primjera ima napretek, recimo poslednji skup \u00abanifa\u0161ista\u00bb na Cetinju gdje je ikona doga\u0111aja bio Neno Kalu\u0111erovi\u0107, lice sa Interpol potjernice. Izgleda da tim cetinjskim antifa\u0161istima: Josip Broz i Neno Kalu\u0111erovi\u0107 tako\u0111e ideolo\u0161ki idu \u00abruku po ruku\u00bb. Neobi\u010dno, zar ne?<\/p>\n\n\n\n<p>Sve to svjedo\u010di o nekom obliku politi\u010dko-ideolo\u0161ke smetenosti i totalne civilizacijske dezorijentisanosti starih i mladih kadrova DPS-a. I sve se idealno uklapa u specifi\u010dnost sumburne crnogorske politi\u010dke scene: ispunjene apsurdima. <\/p>\n\n\n\n<p><strong><em>(Stav autora ne odra\u017eava nu\u017eno stavove RTV Podgorica)<\/em><\/strong><\/p>\n\n\n\n<p><\/p>","protected":false},"excerpt":{"rendered":"<p>U emisiji &#8222;Retrovizor&#8220;, emitovanoj prije neki dan na TV Vijesti, desio se znakoviti ispad Andrije Klikovca, mladog politi\u010dara i \u0161efa Kluba odbornika DPS-a u Skup\u0161tini Glavnog grada Podgorice.<\/p>","protected":false},"author":1,"featured_media":631544,"comment_status":"open","ping_status":"open","sticky":false,"template":"","format":"standard","meta":{"_acf_changed":false,"footnotes":"","jetpack_publicize_message":"","jetpack_publicize_feature_enabled":true,"jetpack_social_post_already_shared":false,"jetpack_social_options":{"image_generator_settings":{"template":"highway","default_image_id":0,"font":"","enabled":false},"version":2}},"categories":[9],"tags":[7773,7774,3242,7775],"naslovna":[],"class_list":["post-842890","post","type-post","status-publish","format-standard","has-post-thumbnail","hentry","category-drustvo","tag-grahovo","tag-grubac","tag-klikovac","tag-mladi-kada"],"acf":[],"jetpack_publicize_connections":[],"_links":{"self":[{"href":"https:\/\/gradski.me\/en\/wp-json\/wp\/v2\/posts\/842890","targetHints":{"allow":["GET"]}}],"collection":[{"href":"https:\/\/gradski.me\/en\/wp-json\/wp\/v2\/posts"}],"about":[{"href":"https:\/\/gradski.me\/en\/wp-json\/wp\/v2\/types\/post"}],"author":[{"embeddable":true,"href":"https:\/\/gradski.me\/en\/wp-json\/wp\/v2\/users\/1"}],"replies":[{"embeddable":true,"href":"https:\/\/gradski.me\/en\/wp-json\/wp\/v2\/comments?post=842890"}],"version-history":[{"count":0,"href":"https:\/\/gradski.me\/en\/wp-json\/wp\/v2\/posts\/842890\/revisions"}],"wp:featuredmedia":[{"embeddable":true,"href":"https:\/\/gradski.me\/en\/wp-json\/wp\/v2\/media\/631544"}],"wp:attachment":[{"href":"https:\/\/gradski.me\/en\/wp-json\/wp\/v2\/media?parent=842890"}],"wp:term":[{"taxonomy":"category","embeddable":true,"href":"https:\/\/gradski.me\/en\/wp-json\/wp\/v2\/categories?post=842890"},{"taxonomy":"post_tag","embeddable":true,"href":"https:\/\/gradski.me\/en\/wp-json\/wp\/v2\/tags?post=842890"},{"taxonomy":"naslovna","embeddable":true,"href":"https:\/\/gradski.me\/en\/wp-json\/wp\/v2\/naslovna?post=842890"}],"curies":[{"name":"wp","href":"https:\/\/api.w.org\/{rel}","templated":true}]}}