{"id":840073,"date":"2025-09-26T09:00:00","date_gmt":"2025-09-26T07:00:00","guid":{"rendered":"https:\/\/gradski.me\/?p=840073"},"modified":"2025-09-26T09:00:00","modified_gmt":"2025-09-26T07:00:00","slug":"profesionalno-i-eticko-izvjestavanje-kljuc-povjerenja-javnosti-u-krizama","status":"publish","type":"post","link":"https:\/\/gradski.me\/en\/drustvo\/profesionalno-i-eticko-izvjestavanje-kljuc-povjerenja-javnosti-u-krizama\/","title":{"rendered":"Profesionalno i eti\u010dko izvje\u0161tavanje klju\u010d povjerenja javnosti u krizama"},"content":{"rendered":"<p><\/p>\n\n\n\n<p>Tokom obuke u\u010desnici su diskutovali o izazovima, principima i odgovornosti medija u kriznim okolnostima, te dobili prakti\u010dne smjernice za ta\u010dno i pravovremeno informisanje javnosti. Ova inicijativa predstavlja direktan odgovor na nalaze istra\u017eivanja sprovedenog 2024. godine, koje je ukazalo na potrebu dodatne edukacije novinara u izvje\u0161tavanju tokom kriznih situacija.<\/p>\n\n\n\n<p>Otvaraju\u0107i obuku, direktorica Agencije za audiovizuelne medijske usluge <strong>Sun\u010dica Baki\u0107<\/strong> istakla je da su \u201emediji u kriznim situacijama pod ogromnim pritiskom brzine, ali da upravo tada profesionalni standardi moraju biti najvi\u0161i\u201c.<\/p>\n\n\n\n<p>\u201eNa\u0161a obuka je direktan odgovor na nalaze istra\u017eivanja sprovedenog tokom 2024. godine, koje je pokazalo potrebu za dodatnom edukacijom i podr\u0161kom novinara u izvje\u0161tavanju u kriznim situacijama\u201c, istakla je Baki\u0107 i dodala \u201emedijsko djelovanje u krizama mo\u017ee presudno uticati na povjerenje javnosti i dostojanstvo pogo\u0111enih ljudi\u201c.<\/p>\n\n\n\n<p>Predava\u010d <strong>Nenad Peji\u0107<\/strong>, iskusni novinar i osniva\u010d redakcije Radija Slobodna Evropa (RSE) na ju\u017enoslovenskim jezicima, govorio je o ulozi medija u kriznim vremenima, principima novinarstva u kriznim uslovima, izazovima poput politi\u010dkih uticaja, pritisaka brzine i manipulacija, te va\u017enosti eti\u010dke odgovornosti i ta\u010dnosti. Tokom karijere bio je zamjenik direktora RSE, glavni i odgovorni urednik, a zatim i kopredsjednik kompanije. Specijalizovan je za izvje\u0161tavanje u kriznim i postkonfliktnim situacijama, kao i za analizu medijskog uticaja u dru\u0161tvima u tranziciji.<\/p>\n\n\n\n<p>Fotoreporter <strong>Damir \u0160agolj<\/strong>, vi\u0161edecenijski saradnik agencije Reuters i dobitnik Pulitzerove nagrade, govorio je o etici fotografije i snimanja u kriznim uslovima, vizuelnoj manipulaciji i granicama pristojnosti u prikazivanju patnje. Tokom vi\u0161e od dvije decenije karijere izvje\u0161tavao je iz vi\u0161e od 40 zemalja, a njegove fotografije objavljivane su na naslovnicama najuglednijih svjetskih medija.<\/p>\n\n\n\n<p>Tokom seminara obra\u0111ene su brojne klju\u010dne teme za profesionalno izvje\u0161tavanje u kriznim situacijama: definisanje krize i uloge medija, pet principa novinarstva u kriznim uslovima, prepreke profesionalnom izvje\u0161tavanju, faze krize i zadaci medija, jezik u medijima, upotreba anonimnih izvora i spin, lojalnost i javni interes, govor mr\u017enje i proces dehumanizacije, la\u017ene vijesti i odgovornost medija, kao i vizuelna interpretacija i kontekst u izvje\u0161tavanju o migrantima, civilnim \u017ertvama i drugim osjetljivim temama.<\/p>\n\n\n\n<p>Na obuci su u\u010destvovali predstavnici elektronskih medija iz Crne Gore, kao i predstavnici Agencije, dominantno iz Sektora za nadzor\/monitoring.<\/p>\n\n\n\n<p>&#8222;Ova aktivnost je rezultat istra\u017eivanja koje je AMU sprovela tokom 2024. godine, kroz fokus grupe i intervjue sa novinarima i urednicima, a koje je pokazalo potrebu za dodatnom edukacijom i podr\u0161kom u oblasti izvje\u0161tavanja u kriznim situacijama. Vi\u0161e informacija o ranije sprovedenom istra\u017eivanju dostupno je na internet stranici Agencije&#8220;, navode iz AMU.<\/p>\n\n\n\n<p>Ukazuju da je ja\u010danje kapaciteta novinara klju\u010dno za o\u010duvanje profesionalnih standarda i povjerenja javnosti u kriznim situacijama. Obuka doprinosi boljem informisanju gra\u0111ana, eti\u010dkom izvje\u0161tavanju o osjetljivim temama i unapre\u0111enju medijskog okru\u017eenja u Crnoj Gori.<\/p>","protected":false},"excerpt":{"rendered":"<p>Agencija za audiovizuelne medijske usluge (AMU) organizovala je dvodnevni doga\u0111aj u Baru, namijenjen novinarima elektronskih medija i predstavnicima same Agencije, sa ciljem ja\u010danja kapaciteta za profesionalno i eti\u010dko izvje\u0161tavanje i pra\u0107enje izvje\u0161tavanja u kriznim situacijama.<\/p>","protected":false},"author":1,"featured_media":840074,"comment_status":"open","ping_status":"open","sticky":false,"template":"","format":"standard","meta":{"_acf_changed":false,"footnotes":"","jetpack_publicize_message":"","jetpack_publicize_feature_enabled":true,"jetpack_social_post_already_shared":false,"jetpack_social_options":{"image_generator_settings":{"template":"highway","default_image_id":0,"font":"","enabled":false},"version":2}},"categories":[9],"tags":[7024,7723,7724,7725],"naslovna":[],"class_list":["post-840073","post","type-post","status-publish","format-standard","has-post-thumbnail","hentry","category-drustvo","tag-amu-2","tag-damir-sagolj","tag-nenad-pejic","tag-suncica-bakic"],"acf":[],"jetpack_publicize_connections":[],"_links":{"self":[{"href":"https:\/\/gradski.me\/en\/wp-json\/wp\/v2\/posts\/840073","targetHints":{"allow":["GET"]}}],"collection":[{"href":"https:\/\/gradski.me\/en\/wp-json\/wp\/v2\/posts"}],"about":[{"href":"https:\/\/gradski.me\/en\/wp-json\/wp\/v2\/types\/post"}],"author":[{"embeddable":true,"href":"https:\/\/gradski.me\/en\/wp-json\/wp\/v2\/users\/1"}],"replies":[{"embeddable":true,"href":"https:\/\/gradski.me\/en\/wp-json\/wp\/v2\/comments?post=840073"}],"version-history":[{"count":0,"href":"https:\/\/gradski.me\/en\/wp-json\/wp\/v2\/posts\/840073\/revisions"}],"wp:featuredmedia":[{"embeddable":true,"href":"https:\/\/gradski.me\/en\/wp-json\/wp\/v2\/media\/840074"}],"wp:attachment":[{"href":"https:\/\/gradski.me\/en\/wp-json\/wp\/v2\/media?parent=840073"}],"wp:term":[{"taxonomy":"category","embeddable":true,"href":"https:\/\/gradski.me\/en\/wp-json\/wp\/v2\/categories?post=840073"},{"taxonomy":"post_tag","embeddable":true,"href":"https:\/\/gradski.me\/en\/wp-json\/wp\/v2\/tags?post=840073"},{"taxonomy":"naslovna","embeddable":true,"href":"https:\/\/gradski.me\/en\/wp-json\/wp\/v2\/naslovna?post=840073"}],"curies":[{"name":"wp","href":"https:\/\/api.w.org\/{rel}","templated":true}]}}