{"id":840066,"date":"2025-09-26T08:00:00","date_gmt":"2025-09-26T06:00:00","guid":{"rendered":"https:\/\/gradski.me\/?p=840066"},"modified":"2026-03-03T16:50:57","modified_gmt":"2026-03-03T15:50:57","slug":"glavni-grad-i-fudbalski-savez-crne-gore-ocekuju-gradjevinsku-dozvolu-za-istocnu-tribinu","status":"publish","type":"post","link":"https:\/\/gradski.me\/en\/podgorica\/glavni-grad-i-fudbalski-savez-crne-gore-ocekuju-gradjevinsku-dozvolu-za-istocnu-tribinu\/","title":{"rendered":"Glavni grad i Fudbalski savez Crne Gore o\u010dekuju gra\u0111evinsku dozvolu za isto\u010dnu tribinu"},"content":{"rendered":"<p><\/p>\n\n\n\n<p>Ovom dr\u017eavnom organu zahtev je upu\u0107en 17. septembra. U dokumentu je nazna\u010deno da je objekat planiran na urbanisti\u010dkoj parceli 1, a \u010dine je 15 katastarskih parcela upisanih u KO Podgorica 2. Objekat se nalazi u zahvatu DUP-a Nova varo\u0161 2.<\/p>\n\n\n\n<p>Uz zahtjev, kako je nazna\u010deno u dokumentu, Glavni grad i Fudbalski savez dostavili su glavni projekat kojeg \u010dine projekat arhitekture objekta, projekat gra\u0111evinskih konstrukcija, projekat saobra\u0107ajne infarstrukture, proejkat hidrotehni\u010dke infrastrukture, projekat elektro-energetskih instalacija, projekat elektronskih komunikacionih mre\u017ea, projekat ma\u0161inskih instalacija, postrojenja, ure\u0111aja i opreme, kao i projekat. Tako\u0111e, dostavljen je i dokaz o osiguranju od odgovornosti projektanta i revidenta.<\/p>\n\n\n\n<p>Da je predat zahtjev za gra\u0111evinsku dozvolu za \u201eDan\u201c je potvrdio gradona\u010delnik <strong>Sasa Mujovic<\/strong>.<\/p>\n\n\n\n<p>&#8222;Zahtjev je predat i \u010dekamo odgovor. Nakon toga slijedi raspisivanje javnog poziva za izvo\u0111a\u010da radova. Zna\u010daj ovog objekta je ogroman, prvo sa sportskog aspekta, ali i sa aspekta dobijanja podzemne gara\u017ee i ure\u0111enja cijelog platoa pored tribine. Po\u010detak radova zavisi od uspje\u0161nosti tendera, to jeste izostanka \u017ealbi&#8220;, saop\u0161tio je Mujovi\u0107.<\/p>\n\n\n\n<p>Prema projektu, \u010diju je izradu finansirao Fudbalski savez Crne Gore, predvi\u0111ena je izgradnja tribine ukupnog kapaciteta 6.100 mjesta, sa prate\u0107im medijskim sadr\u017eajima, komercijalnim prostorima i dvije eta\u017ee parking prostora, ukupne povr\u0161ine preko 37.000 kvadratnih metara. Investitor projekta je Vlada Crne Gore, dok \u0107e vlasnik objekta biti Glavni grad, odnosno preduze\u0107e Sportski objekti.<\/p>\n\n\n\n<p>Izgradnja isto\u010dne tribine Gradskog stadiona na\u0161la se me\u0111u brojnim objektima koje je vlast mnogo puta obe\u0107avala da \u0107e biti izgra\u0111eni, ali do danas ona nije zavr\u0161ena.<\/p>","protected":false},"excerpt":{"rendered":"<p>Glavni grad i Fudbalski savez Crne Gore zatra\u017eili su od Ministarstva prostornog planiranja, urbanizma i dr\u017eavne imovine gra\u0111evinsku dozvolu za izgradnju isto\u010dne tribine Gradskog stadiona.<\/p>","protected":false},"author":1,"featured_media":763899,"comment_status":"open","ping_status":"open","sticky":false,"template":"","format":"standard","meta":{"_acf_changed":false,"footnotes":"","jetpack_publicize_message":"","jetpack_publicize_feature_enabled":true,"jetpack_social_post_already_shared":false,"jetpack_social_options":{"image_generator_settings":{"template":"highway","default_image_id":0,"font":"","enabled":false},"version":2}},"categories":[6],"tags":[222,116,7722,5456,238],"naslovna":[],"class_list":["post-840066","post","type-post","status-publish","format-standard","has-post-thumbnail","hentry","category-podgorica","tag-fscg","tag-glavni-grad","tag-istocna-tribina","tag-ministarstvo-prostornog-planiranja","tag-sasa-mujovic"],"acf":[],"jetpack_publicize_connections":[],"_links":{"self":[{"href":"https:\/\/gradski.me\/en\/wp-json\/wp\/v2\/posts\/840066","targetHints":{"allow":["GET"]}}],"collection":[{"href":"https:\/\/gradski.me\/en\/wp-json\/wp\/v2\/posts"}],"about":[{"href":"https:\/\/gradski.me\/en\/wp-json\/wp\/v2\/types\/post"}],"author":[{"embeddable":true,"href":"https:\/\/gradski.me\/en\/wp-json\/wp\/v2\/users\/1"}],"replies":[{"embeddable":true,"href":"https:\/\/gradski.me\/en\/wp-json\/wp\/v2\/comments?post=840066"}],"version-history":[{"count":1,"href":"https:\/\/gradski.me\/en\/wp-json\/wp\/v2\/posts\/840066\/revisions"}],"predecessor-version":[{"id":913374,"href":"https:\/\/gradski.me\/en\/wp-json\/wp\/v2\/posts\/840066\/revisions\/913374"}],"wp:featuredmedia":[{"embeddable":true,"href":"https:\/\/gradski.me\/en\/wp-json\/wp\/v2\/media\/763899"}],"wp:attachment":[{"href":"https:\/\/gradski.me\/en\/wp-json\/wp\/v2\/media?parent=840066"}],"wp:term":[{"taxonomy":"category","embeddable":true,"href":"https:\/\/gradski.me\/en\/wp-json\/wp\/v2\/categories?post=840066"},{"taxonomy":"post_tag","embeddable":true,"href":"https:\/\/gradski.me\/en\/wp-json\/wp\/v2\/tags?post=840066"},{"taxonomy":"naslovna","embeddable":true,"href":"https:\/\/gradski.me\/en\/wp-json\/wp\/v2\/naslovna?post=840066"}],"curies":[{"name":"wp","href":"https:\/\/api.w.org\/{rel}","templated":true}]}}