{"id":840010,"date":"2025-09-25T22:50:00","date_gmt":"2025-09-25T20:50:00","guid":{"rendered":"https:\/\/gradski.me\/?p=840010"},"modified":"2025-09-25T22:50:00","modified_gmt":"2025-09-25T20:50:00","slug":"erdogan-tokom-susreta-sa-trampom-pred-novinarima-ponovio-zelju-za-avionima-f-35","status":"publish","type":"post","link":"https:\/\/gradski.me\/en\/region\/erdogan-tokom-susreta-sa-trampom-pred-novinarima-ponovio-zelju-za-avionima-f-35\/","title":{"rendered":"Erdogan tokom susreta sa Trampom pred novinarima ponovio \u017eelju za avionima F-35"},"content":{"rendered":"<p>&#8222;Pro\u017eivljavamo druga\u010dije razdoblje u odnosima Turske i SAD-a, kako tokom prvog tako i drugog mandata gospodina Trumpa. Vjerujem da \u0107emo danas imati priliku temeljno razgovarati o F-35, F-16 i na\u0161em odnosu s Halkbankom. Spremni smo u\u010diniti sve \u0161to je pred nama u vezi sa \u0161kolom Heybeliada. Imat \u0107u priliku razgovarati o ovom pitanju s gospodinom Bartolomejem po povratku&#8220;, kazao je Erdogan.<\/p>\n\n\n\n<p>Odgovaraju\u0107i na novinarsko pitanje: &#8222;Vi ste predsjednik koji je prethodno izjavio da predsjednik Tramp ula\u017ee napore za mir. Tako\u0111ee odr\u017eavate sastanke s mnogim \u010delnicima u regiji. Kako mo\u017eete sura\u0111ivati \u200b\u200bu budu\u0107nosti?&#8220;,<\/p>\n\n\n\n<p>Erdogan je odgovorio: &#8222;Ka\u017eem to jer vjerujem u to. Vjerujem da \u0107emo zajedno, ruku pod ruku, prevladati ove pote\u0161ko\u0107e u regiji&#8220;.<\/p>\n\n\n\n<p>Tokom prvog mandata Trump je blokirao prodaju aviona F-35 Turskoj zbog njene nabavke ruskih sistema S-400, iako su turske kompanije u\u010destvovale u razvoju ovog aviona.<\/p>\n\n\n\n<p><\/p>","protected":false},"excerpt":{"rendered":"<p>Uo\u010di zatvorenog dijela sastanka predsjednika Turske Recepa Tayyipa Erdogana i predsjednika SAD-a Donalda Trumpa u Bijeloj ku\u0107i, Erdogan je izrazio nadu da \u0107e se rije\u0161iti pitanje aviona F-35 za Tursku.<\/p>","protected":false},"author":1,"featured_media":401477,"comment_status":"open","ping_status":"open","sticky":false,"template":"","format":"standard","meta":{"_acf_changed":false,"footnotes":"","jetpack_publicize_message":"","jetpack_publicize_feature_enabled":true,"jetpack_social_post_already_shared":false,"jetpack_social_options":{"image_generator_settings":{"template":"highway","default_image_id":0,"font":"","enabled":false},"version":2}},"categories":[13],"tags":[272,230,4311],"naslovna":[],"class_list":["post-840010","post","type-post","status-publish","format-standard","has-post-thumbnail","hentry","category-region","tag-avioni","tag-donald-tramp","tag-erdogan"],"acf":[],"jetpack_publicize_connections":[],"_links":{"self":[{"href":"https:\/\/gradski.me\/en\/wp-json\/wp\/v2\/posts\/840010","targetHints":{"allow":["GET"]}}],"collection":[{"href":"https:\/\/gradski.me\/en\/wp-json\/wp\/v2\/posts"}],"about":[{"href":"https:\/\/gradski.me\/en\/wp-json\/wp\/v2\/types\/post"}],"author":[{"embeddable":true,"href":"https:\/\/gradski.me\/en\/wp-json\/wp\/v2\/users\/1"}],"replies":[{"embeddable":true,"href":"https:\/\/gradski.me\/en\/wp-json\/wp\/v2\/comments?post=840010"}],"version-history":[{"count":0,"href":"https:\/\/gradski.me\/en\/wp-json\/wp\/v2\/posts\/840010\/revisions"}],"wp:featuredmedia":[{"embeddable":true,"href":"https:\/\/gradski.me\/en\/wp-json\/wp\/v2\/media\/401477"}],"wp:attachment":[{"href":"https:\/\/gradski.me\/en\/wp-json\/wp\/v2\/media?parent=840010"}],"wp:term":[{"taxonomy":"category","embeddable":true,"href":"https:\/\/gradski.me\/en\/wp-json\/wp\/v2\/categories?post=840010"},{"taxonomy":"post_tag","embeddable":true,"href":"https:\/\/gradski.me\/en\/wp-json\/wp\/v2\/tags?post=840010"},{"taxonomy":"naslovna","embeddable":true,"href":"https:\/\/gradski.me\/en\/wp-json\/wp\/v2\/naslovna?post=840010"}],"curies":[{"name":"wp","href":"https:\/\/api.w.org\/{rel}","templated":true}]}}