{"id":839023,"date":"2025-09-24T12:08:50","date_gmt":"2025-09-24T10:08:50","guid":{"rendered":"https:\/\/gradski.me\/?p=839023"},"modified":"2025-09-24T12:08:50","modified_gmt":"2025-09-24T10:08:50","slug":"petanovicu-produzen-pritvor-jos-tri-mjeseca","status":"publish","type":"post","link":"https:\/\/gradski.me\/en\/hronika\/petanovicu-produzen-pritvor-jos-tri-mjeseca\/","title":{"rendered":"Petanovi\u0107u produ\u017een pritvor za jo\u0161 tri mjeseca"},"content":{"rendered":"<p><\/p>\n\n\n\n<p>&#8222;Vije\u0107e Vrhovnog suda Crne Gore, odlu\u010duju\u0107i o predlogu Specijalnom dr\u017eavnog tu\u017eila\u0161tva u Podgorici od 22. septembra 2025. godine za produ\u017eenje pritvora protiv okrivljenog A.P. donijelo je Rje\u0161enje da se okrivljenom produ\u017ei pritvor za jo\u0161 tri mjeseca, odnosno do 27. decembra 2025. godine&#8220;, navodi se u odluci suda.<\/p>\n\n\n\n<p>Petanovi\u0107u je pritvor produ\u017een zbog sumnje da je po\u010dinio krivi\u010dno djelo stvaranje kriminalne organizacije i produ\u017eeno krivi\u010dno djelo krijum\u010darenje u saizvr\u0161ila\u0161tvu.<\/p>\n\n\n\n<p>Razlog produ\u017eenja pritvora je opasnost od bjekstva.<\/p>\n\n\n\n<p>&#8222;Vrhovni sud je, na osnovu spisa predmeta, utvrdio da postoji osnovana sumnja da je okrivljeni A.P. izvr\u0161io navedena krivi\u010dna djela, kako je to opisano u naredbi o pro\u0161irenju istrage Specijalnog dr\u017eavnog tu\u017eila\u0161tva. Ta sumnja proizilazi iz materijala pribavljenog pretragom aplikacije \u201eSky ECC\u201c i drugih dokaza prikupljenih tokom postupka&#8220;, navodi se u saop\u0161tenju.<\/p>\n\n\n\n<p>Pritvor Petanovi\u0107u prvobitno je odre\u0111en Rje\u0161enjem sudije za istragu Vi\u0161eg suda u Podgorici 20. juna 2025. godine, a produ\u017een Rje\u0161enjem vije\u0107a tog suda 29. juna 2025. godine, tako da po Rje\u0161enju Vrhovnog suda Crne Gore mo\u017ee trajati do 27. decembra 2025.godine.<\/p>\n\n\n\n<p>Tu\u017eila\u0161tvo sumnji\u010di Petanovi\u0107a da je krijum\u010dario cigarete kao pripadnik kriminalne organizacije biv\u0161eg slu\u017ebenika Agencije za nacionalnu bezbjednost Du\u0161ka Golubovi\u0107a i odbjeglog Sandera Stanaja, vlasnika Auto-centra \u201cRok\u0161ped\u201d.<\/p>\n\n\n\n<p>Ta kriminalna grupa je, navodno, \u0161vercom cigareta na teritoriji Crne Gore, Bosne i Hercegovine, Hrvatske, Slovenije i Italije tokom 2020. i 2021. godine o\u0161tetila dr\u017eavu za najmanje 18,2 miliona eura.<\/p>\n\n\n\n<figure class=\"wp-block-embed is-type-wp-embed is-provider-gradski-portal wp-block-embed-gradski-portal\"><div class=\"wp-block-embed__wrapper\">\n<blockquote class=\"wp-embedded-content\" data-secret=\"Y6doI49Qvk\"><a href=\"https:\/\/gradski.me\/en\/petanovic-uhapsen-na-podgorickom-aerodromu\/\">Petanovi\u0107 uhap\u0161en na podgori\u010dkom aerodromu<\/a><\/blockquote><iframe class=\"wp-embedded-content\" sandbox=\"allow-scripts\" security=\"restricted\" style=\"position: absolute; visibility: hidden;\" title=\"&#132;Petanovi\u0107 uhap\u0161en na podgori\u010dkom aerodromu&#147; &#8212; Gradski portal\" src=\"https:\/\/gradski.me\/petanovic-uhapsen-na-podgorickom-aerodromu\/embed\/#?secret=K00r6AdNy0#?secret=Y6doI49Qvk\" data-secret=\"Y6doI49Qvk\" width=\"600\" height=\"338\" frameborder=\"0\" marginwidth=\"0\" marginheight=\"0\" scrolling=\"no\"><\/iframe>\n<\/div><\/figure>","protected":false},"excerpt":{"rendered":"<p>Vrhovni sud produ\u017eio je pritvor Andriji Petanovi\u0107u koji je osumnji\u010den za \u0161verc cigareta za jo\u0161 tri mjeseca.<\/p>","protected":false},"author":1,"featured_media":637149,"comment_status":"open","ping_status":"open","sticky":false,"template":"","format":"standard","meta":{"_acf_changed":false,"footnotes":"","jetpack_publicize_message":"","jetpack_publicize_feature_enabled":true,"jetpack_social_post_already_shared":false,"jetpack_social_options":{"image_generator_settings":{"template":"highway","default_image_id":0,"font":"","enabled":false},"version":2}},"categories":[10],"tags":[7530,6571,3971],"naslovna":[],"class_list":["post-839023","post","type-post","status-publish","format-standard","has-post-thumbnail","hentry","category-hronika","tag-andrija-petanovic","tag-kriminalna-organizacija","tag-vrhovni-sud"],"acf":[],"jetpack_publicize_connections":[],"_links":{"self":[{"href":"https:\/\/gradski.me\/en\/wp-json\/wp\/v2\/posts\/839023","targetHints":{"allow":["GET"]}}],"collection":[{"href":"https:\/\/gradski.me\/en\/wp-json\/wp\/v2\/posts"}],"about":[{"href":"https:\/\/gradski.me\/en\/wp-json\/wp\/v2\/types\/post"}],"author":[{"embeddable":true,"href":"https:\/\/gradski.me\/en\/wp-json\/wp\/v2\/users\/1"}],"replies":[{"embeddable":true,"href":"https:\/\/gradski.me\/en\/wp-json\/wp\/v2\/comments?post=839023"}],"version-history":[{"count":0,"href":"https:\/\/gradski.me\/en\/wp-json\/wp\/v2\/posts\/839023\/revisions"}],"wp:featuredmedia":[{"embeddable":true,"href":"https:\/\/gradski.me\/en\/wp-json\/wp\/v2\/media\/637149"}],"wp:attachment":[{"href":"https:\/\/gradski.me\/en\/wp-json\/wp\/v2\/media?parent=839023"}],"wp:term":[{"taxonomy":"category","embeddable":true,"href":"https:\/\/gradski.me\/en\/wp-json\/wp\/v2\/categories?post=839023"},{"taxonomy":"post_tag","embeddable":true,"href":"https:\/\/gradski.me\/en\/wp-json\/wp\/v2\/tags?post=839023"},{"taxonomy":"naslovna","embeddable":true,"href":"https:\/\/gradski.me\/en\/wp-json\/wp\/v2\/naslovna?post=839023"}],"curies":[{"name":"wp","href":"https:\/\/api.w.org\/{rel}","templated":true}]}}