{"id":838853,"date":"2025-09-24T08:25:00","date_gmt":"2025-09-24T06:25:00","guid":{"rendered":"https:\/\/gradski.me\/?p=838853"},"modified":"2025-09-24T08:25:00","modified_gmt":"2025-09-24T06:25:00","slug":"za-deset-godina-u-penziju-ide-vise-od-sest-miliona-radnika","status":"publish","type":"post","link":"https:\/\/gradski.me\/en\/svijet\/za-deset-godina-u-penziju-ide-vise-od-sest-miliona-radnika\/","title":{"rendered":"Za deset godina u penziju ide vi\u0161e od \u0161est miliona radnika"},"content":{"rendered":"<p>Italiju u narednoj deceniji o\u010dekuje masovni odlazak u penziju jer \u0107e vi\u0161e od \u0161est miliona radnika napustiti tr\u017ei\u0161te rada, upozorio je predsjednik Nacionalnog instituta za analizu javnih politika (INAPP), Natale Forlani.<\/p>\n\n\n\n<p>&#8222;Za samo deset godina, oko 6,1 milion Italijana iza\u0107i \u0107e sa tr\u017ei\u0161ta rada&#8220;, rekao je Forlani pred parlamentarnom komisijom za demografsku tranziciju, prenosi B92.<\/p>\n\n\n\n<p>Prema njegovim rije\u010dima, taj generacijski egzodus predstavlja ozbiljan izazov za italijanski penzioni sistem, jer nema dovoljno mladih radnika da ih zamijene, a smanjuje se broj poreskih obveznika koji pune dr\u017eavne fondove.<\/p>\n\n\n\n<p>Forlani je naveo da samo pove\u0107anje starosne granice za penziju nije dovoljno, ve\u0107 su potrebne sveobuhvatne politike koje \u0107e obnoviti radnu snagu podsticanjem nataliteta ili migracijom i u\u010diniti socijalnu potro\u0161nju odr\u017eivom na dugi rok.<\/p>\n\n\n\n<p>Do 2060. godine, radno sposobno stanovni\u0161tvo starosti 20\u201364 \u0107e se smanjiti \u010dak 34 odsto, \u0161to \u0107e direktno ugroziti privredni rast, odr\u017eivost javne potro\u0161nje i stabilnost socijalnog sistema.<\/p>\n\n\n\n<p><\/p>","protected":false},"excerpt":{"rendered":"<p>Italiju u narednoj deceniji o\u010dekuje masovni odlazak u penziju jer \u0107e vi\u0161e od \u0161est miliona radnika napustiti tr\u017ei\u0161te rada, upozorio je predsjednik Nacionalnog instituta za analizu javnih politika (INAPP), Natale Forlani. &#8222;Za samo deset godina, oko 6,1 milion Italijana iza\u0107i \u0107e sa tr\u017ei\u0161ta rada&#8220;, rekao je Forlani pred parlamentarnom komisijom za demografsku tranziciju, prenosi B92. [&hellip;]<\/p>\n","protected":false},"author":1,"featured_media":619907,"comment_status":"open","ping_status":"open","sticky":false,"template":"","format":"standard","meta":{"_acf_changed":false,"footnotes":"","jetpack_publicize_message":"","jetpack_publicize_feature_enabled":true,"jetpack_social_post_already_shared":false,"jetpack_social_options":{"image_generator_settings":{"template":"highway","default_image_id":0,"font":"","enabled":false},"version":2}},"categories":[14],"tags":[3091,3423],"naslovna":[],"class_list":["post-838853","post","type-post","status-publish","format-standard","has-post-thumbnail","hentry","category-svijet","tag-penzija","tag-radnici"],"acf":[],"jetpack_publicize_connections":[],"_links":{"self":[{"href":"https:\/\/gradski.me\/en\/wp-json\/wp\/v2\/posts\/838853","targetHints":{"allow":["GET"]}}],"collection":[{"href":"https:\/\/gradski.me\/en\/wp-json\/wp\/v2\/posts"}],"about":[{"href":"https:\/\/gradski.me\/en\/wp-json\/wp\/v2\/types\/post"}],"author":[{"embeddable":true,"href":"https:\/\/gradski.me\/en\/wp-json\/wp\/v2\/users\/1"}],"replies":[{"embeddable":true,"href":"https:\/\/gradski.me\/en\/wp-json\/wp\/v2\/comments?post=838853"}],"version-history":[{"count":0,"href":"https:\/\/gradski.me\/en\/wp-json\/wp\/v2\/posts\/838853\/revisions"}],"wp:featuredmedia":[{"embeddable":true,"href":"https:\/\/gradski.me\/en\/wp-json\/wp\/v2\/media\/619907"}],"wp:attachment":[{"href":"https:\/\/gradski.me\/en\/wp-json\/wp\/v2\/media?parent=838853"}],"wp:term":[{"taxonomy":"category","embeddable":true,"href":"https:\/\/gradski.me\/en\/wp-json\/wp\/v2\/categories?post=838853"},{"taxonomy":"post_tag","embeddable":true,"href":"https:\/\/gradski.me\/en\/wp-json\/wp\/v2\/tags?post=838853"},{"taxonomy":"naslovna","embeddable":true,"href":"https:\/\/gradski.me\/en\/wp-json\/wp\/v2\/naslovna?post=838853"}],"curies":[{"name":"wp","href":"https:\/\/api.w.org\/{rel}","templated":true}]}}