{"id":838759,"date":"2025-09-23T20:43:00","date_gmt":"2025-09-23T18:43:00","guid":{"rendered":"https:\/\/gradski.me\/?p=838759"},"modified":"2025-09-23T20:43:00","modified_gmt":"2025-09-23T18:43:00","slug":"multimedijalni-dogadjaj-na-obiljezavanju-jubileja-stare-masline-na-mirovici","status":"publish","type":"post","link":"https:\/\/gradski.me\/en\/kultura\/multimedijalni-dogadjaj-na-obiljezavanju-jubileja-stare-masline-na-mirovici\/","title":{"rendered":"Multimedijalni doga\u0111aj na obilje\u017eavanju jubileja Stare masline na Mirovici"},"content":{"rendered":"<p><\/p>\n\n\n\n<p><\/p>\n\n\n\n<p>Istori\u010darka umjetnosti i modna dizajnerka Anastazije Miranovi\u0107, predstavi\u0107e se unikatnom, namjenski ra\u0111enom modnom kolekcijom &#8222;Korijen i Kruna&#8220;.<\/p>\n\n\n\n<p>Kako isti\u010du u Op\u0161tini Bar i Ku\u0107i maslina, kolekcija od trideset modela, ra\u0111ena je dominantno u svili i prirodnim materijalima, u \u0161irokom spektru maslinastih i zemljanih tonova. Svileni modeli imaju aplikacije maslinovih grana i plodova, Stare masline, kao i kapi maslinovog ulja, specijalno dizajniranih ovim povodom.<\/p>\n\n\n\n<p>U umjetni\u010dkom dijelu programa u\u010destvuje barski hor Antivari musica i solistica &#8211; sopran Aleksandra Vojvodi\u0107 Jovovi\u0107, koji \u0107e premijerno izvesti staru narodnu kompoziciju &#8222;Maslina je gora&#8220;.<\/p>\n\n\n\n<p>U sklopu doga\u0111aja bi\u0107e prezentovana i retrospektiva predanog rada Ku\u0107e maslina u prethodnih godinu dana, u vidu jedinstvenog dokumentarnog filma.<br><br>Pokrovitelji ovog doga\u0111aja su Op\u0161tina Bar, Ku\u0107a maslina i dr Anastazija Miranovi\u0107.<\/p>","protected":false},"excerpt":{"rendered":"<p>Multimedijalni doga\u0111aj &#8222;Stara Maslina &#8211; 2.250 godina postojanja pod kro\u0161njom vje\u010dnosti&#8220; bi\u0107e uprili\u010den na Mirovici kod Stare masline, u petak 26. septembra u 19 sati \u010dime \u0107e po\u010deti proslavu zna\u010dajnog jubileja ovog izuzetnog prirodnog dobra, najstarijeg sertifikovanog stabla masline sa ovih prostora.<\/p>","protected":false},"author":1,"featured_media":838764,"comment_status":"open","ping_status":"open","sticky":false,"template":"","format":"standard","meta":{"_acf_changed":false,"footnotes":"","jetpack_publicize_message":"","jetpack_publicize_feature_enabled":true,"jetpack_social_post_already_shared":false,"jetpack_social_options":{"image_generator_settings":{"template":"highway","default_image_id":0,"font":"","enabled":false},"version":2}},"categories":[11],"tags":[4038,7478,7479],"naslovna":[],"class_list":["post-838759","post","type-post","status-publish","format-standard","has-post-thumbnail","hentry","category-kultura","tag-jubilej","tag-multimedijalni-dogadjaj","tag-stara-maslina"],"acf":[],"jetpack_publicize_connections":[],"_links":{"self":[{"href":"https:\/\/gradski.me\/en\/wp-json\/wp\/v2\/posts\/838759","targetHints":{"allow":["GET"]}}],"collection":[{"href":"https:\/\/gradski.me\/en\/wp-json\/wp\/v2\/posts"}],"about":[{"href":"https:\/\/gradski.me\/en\/wp-json\/wp\/v2\/types\/post"}],"author":[{"embeddable":true,"href":"https:\/\/gradski.me\/en\/wp-json\/wp\/v2\/users\/1"}],"replies":[{"embeddable":true,"href":"https:\/\/gradski.me\/en\/wp-json\/wp\/v2\/comments?post=838759"}],"version-history":[{"count":0,"href":"https:\/\/gradski.me\/en\/wp-json\/wp\/v2\/posts\/838759\/revisions"}],"wp:featuredmedia":[{"embeddable":true,"href":"https:\/\/gradski.me\/en\/wp-json\/wp\/v2\/media\/838764"}],"wp:attachment":[{"href":"https:\/\/gradski.me\/en\/wp-json\/wp\/v2\/media?parent=838759"}],"wp:term":[{"taxonomy":"category","embeddable":true,"href":"https:\/\/gradski.me\/en\/wp-json\/wp\/v2\/categories?post=838759"},{"taxonomy":"post_tag","embeddable":true,"href":"https:\/\/gradski.me\/en\/wp-json\/wp\/v2\/tags?post=838759"},{"taxonomy":"naslovna","embeddable":true,"href":"https:\/\/gradski.me\/en\/wp-json\/wp\/v2\/naslovna?post=838759"}],"curies":[{"name":"wp","href":"https:\/\/api.w.org\/{rel}","templated":true}]}}