{"id":837918,"date":"2025-09-22T14:33:57","date_gmt":"2025-09-22T12:33:57","guid":{"rendered":"https:\/\/gradski.me\/?p=837918"},"modified":"2025-09-22T14:33:57","modified_gmt":"2025-09-22T12:33:57","slug":"na-ulicama-podgorice-novi-autobusi-medju-njima-i-dugo-ocekivane-harmonike","status":"publish","type":"post","link":"https:\/\/gradski.me\/en\/podgorica\/na-ulicama-podgorice-novi-autobusi-medju-njima-i-dugo-ocekivane-harmonike\/","title":{"rendered":"Na ulicama Podgorice novi autobusi, me\u0111u njima i dugo o\u010dekivane harmonike"},"content":{"rendered":"<p><\/p>\n\n\n\n<p>&#8222;Ovi autobusi donose vi\u0161e komfora i prostranosti: imaju 50 sjede\u0107ih mjesta i prostor za oko 100 dodatnih putnika, \u010dime zna\u010dajno pove\u0107avaju kapacitet javnog prevoza. Harmonike predstavljaju novu dimenziju udobnosti i efikasnosti u gradskom saobra\u0107aju&#8220;, kazali su iz preduze\u017ea.<\/p>\n\n\n\n<p>Pored njih, u saobra\u0107aj su uklju\u010deni i veliki autobusi razli\u010ditih kapaciteta, koji dodatno olak\u0161avaju svakodnevno putovanje gra\u0111ana.<\/p>\n\n\n\n<p>&#8222;Linijski prevoz Podgorice nastavlja sa modernizacijom voznog parka i unapre\u0111enjem javnog prevoza, prate\u0107i rastu\u0107e potrebe gra\u0111ana. Cilj je jasan \u2013 obezbijediti svim putnicima siguran, kvalitetan i savremen prevoz&#8220;, dodali su u saop\u0161tenju.<\/p>","protected":false},"excerpt":{"rendered":"<p>Na ulicama Podgorice sada saobra\u0107aju novi autobusi \u2013 me\u0111u njima i dugo o\u010dekivane harmonike, saop\u0161teno je iz Gradskog linijskog prevoza.<\/p>","protected":false},"author":1,"featured_media":837921,"comment_status":"open","ping_status":"open","sticky":false,"template":"","format":"standard","meta":{"_acf_changed":false,"footnotes":"","jetpack_publicize_message":"","jetpack_publicize_feature_enabled":true,"jetpack_social_post_already_shared":false,"jetpack_social_options":{"image_generator_settings":{"template":"highway","default_image_id":0,"font":"","enabled":false},"version":2}},"categories":[6],"tags":[7331,4068,1479],"naslovna":[],"class_list":["post-837918","post","type-post","status-publish","format-standard","has-post-thumbnail","hentry","category-podgorica","tag-novi-autobusi","tag-prevoz","tag-putevi"],"acf":[],"jetpack_publicize_connections":[],"_links":{"self":[{"href":"https:\/\/gradski.me\/en\/wp-json\/wp\/v2\/posts\/837918","targetHints":{"allow":["GET"]}}],"collection":[{"href":"https:\/\/gradski.me\/en\/wp-json\/wp\/v2\/posts"}],"about":[{"href":"https:\/\/gradski.me\/en\/wp-json\/wp\/v2\/types\/post"}],"author":[{"embeddable":true,"href":"https:\/\/gradski.me\/en\/wp-json\/wp\/v2\/users\/1"}],"replies":[{"embeddable":true,"href":"https:\/\/gradski.me\/en\/wp-json\/wp\/v2\/comments?post=837918"}],"version-history":[{"count":0,"href":"https:\/\/gradski.me\/en\/wp-json\/wp\/v2\/posts\/837918\/revisions"}],"wp:featuredmedia":[{"embeddable":true,"href":"https:\/\/gradski.me\/en\/wp-json\/wp\/v2\/media\/837921"}],"wp:attachment":[{"href":"https:\/\/gradski.me\/en\/wp-json\/wp\/v2\/media?parent=837918"}],"wp:term":[{"taxonomy":"category","embeddable":true,"href":"https:\/\/gradski.me\/en\/wp-json\/wp\/v2\/categories?post=837918"},{"taxonomy":"post_tag","embeddable":true,"href":"https:\/\/gradski.me\/en\/wp-json\/wp\/v2\/tags?post=837918"},{"taxonomy":"naslovna","embeddable":true,"href":"https:\/\/gradski.me\/en\/wp-json\/wp\/v2\/naslovna?post=837918"}],"curies":[{"name":"wp","href":"https:\/\/api.w.org\/{rel}","templated":true}]}}