{"id":837871,"date":"2025-09-22T12:30:00","date_gmt":"2025-09-22T10:30:00","guid":{"rendered":"https:\/\/gradski.me\/?p=837788"},"modified":"2025-09-22T12:30:00","modified_gmt":"2025-09-22T10:30:00","slug":"mustafic-multietncko-i-multikulturno-nasljedje-snazna-potpora-drzavotvornosti-crne-gore-i-bosne-i-hercegovine","status":"publish","type":"post","link":"https:\/\/gradski.me\/en\/drustvo\/mustafic-multietncko-i-multikulturno-nasljedje-snazna-potpora-drzavotvornosti-crne-gore-i-bosne-i-hercegovine\/","title":{"rendered":"Mustafi\u0107: Multietn\u010dko i multikulturno naslje\u0111e sna\u017ena potpora dr\u017eavotvornosti Crne Gore i Bosne i Hercegovine"},"content":{"rendered":"<p>&#8222;Mustafi\u0107 je na Pravnom fakultetu Univerziteta\u00a0 u Tuzli\u00a0 bio u\u010desnik i panelist na Me\u0111unarodnom nau\u010dnom simpoziju &#8220; Usora i Soli -bosanske zemlje -800 godina od prvog pisanog pomena&#8220;, na temu &#8222;Kulturni i religijski uticaji -koegzistencija vjerskih zajednica i kulturni sinkretizam&#8220;, navodi se u saop\u0161tenju.\u00a0<\/p>\n\n\n\n<p>Kako navode, Mustafi\u0107 je kazao da je duboka milenijumska\u00a0 \u00a0dr\u017eavnost i samobitnost i Crne Gore i Bosne nepobitne sa historijskog stanovi\u0161ta, ali da se \u010desto osporavalo njihovo pravo na samoopredijeljenje i na njih nasrtalo, pa \u010dak i danas, sa istom namjerom \u2013 dr\u017eati ih u kulturnoj, ekonomskoj I politi\u010dkoj inferiornosti.<\/p>\n\n\n\n<p>Mustafi\u0107\u00a0 je, kako ka\u017eu, naglasio da uprkos tome, i Crna Gora\u00a0 i Bosna, pokazuju svoju dr\u017eavotvornu vitalnost, a da su njoj najve\u0107a potpora bili i ostali civilizacijska pro\u017eimanja I multikulturna i multietni\u010dka raznolikost.<\/p>\n\n\n\n<p>&#8222;Oni nose u sebi poseban smisao i mo\u017eda I njabolje oslikavaju\u00a0 duboke\u00a0 I trajne civlizacijske veze me\u0111u narodima mediteranskog\u00a0 podneblja. Zadatak na\u0161ih institucija koje njeguju kulturne identitete jeste o\u010duvanje posebnosti i njihova afirmacija u dru\u0161tvu, ali i izgradnja mostova razumijevanja me\u0111u razli\u010ditostima. Na tim vrijednostima, smatram, jer je to pro\u0161lost pokazala, treba istrajavati i, uprkos izazovima, graditi budu\u0107nost u razli\u010ditostima koje se razumiju i po\u0161tuju , sa jedino mogu\u0107om evropskom perspektivom&#8220;, zaklju\u010dio je Mustafi\u0107<\/p>\n\n\n\n<p><\/p>","protected":false},"excerpt":{"rendered":"<p>Predsjednik Bo\u0161nja\u010dkog vije\u0107a u Crnoj Gori Suljo Mustafi\u0107 je kazao da su Crna Gora i Bosna I Hercegovina veoma upu\u0107ene jedna na drugu, po svojim dubokim istorijskim, kulturnim, geografskim i drugim vezama, a posebno po bo\u0161nja\u010dkom narodu koji \u010dini jaku sponu izme\u0111u\u00a0 ove dvije dr\u017eave, saop\u0161teno je iz tog vije\u0107a.<\/p>","protected":false},"author":1,"featured_media":838349,"comment_status":"open","ping_status":"open","sticky":false,"template":"","format":"standard","meta":{"_acf_changed":false,"footnotes":"","jetpack_publicize_message":"","jetpack_publicize_feature_enabled":true,"jetpack_social_post_already_shared":false,"jetpack_social_options":{"image_generator_settings":{"template":"highway","default_image_id":0,"font":"","enabled":false},"version":2}},"categories":[9],"tags":[819,1472,188],"naslovna":[],"class_list":["post-837871","post","type-post","status-publish","format-standard","has-post-thumbnail","hentry","category-drustvo","tag-bih","tag-bosnjacko-vijece","tag-crna-gora"],"acf":[],"jetpack_publicize_connections":[],"_links":{"self":[{"href":"https:\/\/gradski.me\/en\/wp-json\/wp\/v2\/posts\/837871","targetHints":{"allow":["GET"]}}],"collection":[{"href":"https:\/\/gradski.me\/en\/wp-json\/wp\/v2\/posts"}],"about":[{"href":"https:\/\/gradski.me\/en\/wp-json\/wp\/v2\/types\/post"}],"author":[{"embeddable":true,"href":"https:\/\/gradski.me\/en\/wp-json\/wp\/v2\/users\/1"}],"replies":[{"embeddable":true,"href":"https:\/\/gradski.me\/en\/wp-json\/wp\/v2\/comments?post=837871"}],"version-history":[{"count":0,"href":"https:\/\/gradski.me\/en\/wp-json\/wp\/v2\/posts\/837871\/revisions"}],"wp:featuredmedia":[{"embeddable":true,"href":"https:\/\/gradski.me\/en\/wp-json\/wp\/v2\/media\/838349"}],"wp:attachment":[{"href":"https:\/\/gradski.me\/en\/wp-json\/wp\/v2\/media?parent=837871"}],"wp:term":[{"taxonomy":"category","embeddable":true,"href":"https:\/\/gradski.me\/en\/wp-json\/wp\/v2\/categories?post=837871"},{"taxonomy":"post_tag","embeddable":true,"href":"https:\/\/gradski.me\/en\/wp-json\/wp\/v2\/tags?post=837871"},{"taxonomy":"naslovna","embeddable":true,"href":"https:\/\/gradski.me\/en\/wp-json\/wp\/v2\/naslovna?post=837871"}],"curies":[{"name":"wp","href":"https:\/\/api.w.org\/{rel}","templated":true}]}}