{"id":837289,"date":"2025-09-21T08:47:00","date_gmt":"2025-09-21T06:47:00","guid":{"rendered":"https:\/\/gradski.me\/?p=837289"},"modified":"2026-03-12T10:31:59","modified_gmt":"2026-03-12T09:31:59","slug":"predsjednici-opstina-plav-i-pec-traze-granicni-prelaz-na-cakoru","status":"publish","type":"post","link":"https:\/\/gradski.me\/en\/drustvo\/predsjednici-opstina-plav-i-pec-traze-granicni-prelaz-na-cakoru\/","title":{"rendered":"Predsjednici op\u0161tina Plav i Pe\u0107 tra\u017ee grani\u010dni prelaz na \u010cakoru"},"content":{"rendered":"<p><\/p>\n\n\n\n<p>To je nedavno na svom Fejsbuku objavio predsjednik Op\u0161tine Plav Nihad Canovi\u0107, nakon susreta koji su delegacije dva grada imale u Plavu povodom godi\u0161njice rata na Kosovu i tada\u0161nje nesebi\u010dne humanitarne pomo\u0107i koji su stanovnici ove sjeveroisto\u010dne op\u0161tine pru\u017eili izbjeglicama iz ratom zahva\u0107enog podru\u010dja.<\/p>\n\n\n\n<p>On je nakon sastanka sa predsjednikom Pe\u0107i Gazmendom Muhad\u017eerijem i njegovim timom napisao da su posebnu pa\u017enju posvetili pitanju otvaranja grani\u010dnog prelaza preko \u010cakora, koji bi imao nemjerljiv zna\u010daj za obje op\u0161tine.<\/p>\n\n\n\n<p>&#8222;Kako u pogledu turisti\u010dke i ekonomske valorizacije, tako i u ja\u010danju prijateljskih i porodi\u010dnih veza na\u0161ih gra\u0111ana. Zajedni\u010dki smo konstatovali da ponovo uputimo apel centralnim vlastima da se ovo pitanje stavi u prioritet i da se kona\u010dno otvori put koji prirodno povezuje na\u0161e dvije sredine&#8220;, rekao je predsjednik plavske op\u0161tine.&nbsp;<\/p>\n\n\n\n<p>Canovi\u0107 je kazao da je razgovarano i o saradnji na apliciranju prekograni\u010dnih EU projekata od strane Plava i Pe\u0107i.<\/p>\n\n\n\n<p>\u201cPosebno isti\u010dem projekat koji se odnosi na turisti\u010dku valorizaciju trgova\u010dke rute preko Dijela, koji je ve\u0107 uspje\u0161no pro\u0161ao fazu &#8216;koncept note&#8217;. Pored toga, razmijenili smo mi\u0161ljenja i o drugim va\u017enim temama od zna\u010daja za na\u0161e dvije op\u0161tine, sa zajedni\u010dkim ciljem da kroz partnerski odnos doprinesemo razvoju i ja\u010danju prekograni\u010dne saradnje\u201d, naveo je predsjednik Op\u0161tine Plav.<\/p>\n\n\n\n<p>Ova dvije op\u0161tine su putem preko \u010cakora udaljene svega \u0161ezdeset kilometara. Taj put je, me\u0111utim, preko dvije i po decenije zatvoren za saobra\u0107aj, a da niko nema razumno obja\u0161njenje zbog \u010dega je to tako jer saobra\u0107aj izme\u0111u Crne Gore i Kosova, \u010ditavo vrijeme funkcioni\u0161e bez ikakvih problema preko planinskog prevoja Kula kod Ro\u017eaja.<\/p>\n\n\n\n<p>Starije generacije se prisje\u0107aju da je poslije Drugog svjetskog rata put peko \u010cakora bio najbli\u017ea veza sa Kosovom i ju\u017enom Srbijom.<\/p>\n\n\n\n<p>\u010cakor je dugo bio najfrekventnija saobra\u0107ajnica uprkos \u010dinjenici da se prevoj nalazi na nadmorskoj visini od preko hiljadu i osamsto metara.<\/p>\n\n\n\n<p>Onda su uslijedila ratna de\u0161avanja i put preko \u010cakora je 1999. godine zatvorio KFOR. Ponovno otvaranje nije uslijedilo ni do dana\u0161njih dana, iako su za tako ne\u0161to podno\u0161ene brojne inicijative sa razli\u010ditih adresa, a gra\u0111anski aktivisti iz Plava i Murine, kao i tamo\u0161nja nevladina udru\u017eenja prednja\u010de poslednjih godina u tome.&nbsp;<\/p>\n\n\n\n<p>Na putu koji je napravljen prije stotinu godina, grani\u010dni prelaz nije jo\u0161 uspostavljen. Naprotiv, na mjestu gdje bi trebalo da bude, jo\u0161 stoje betonske piramide kao prepreke.<\/p>\n\n\n\n<p>I prije promjena dr\u017eavnih vlasti u Crnoj Gori iz Ministarstva unutra\u0161njih poslova su isticali da su jo\u0161 2014. godine dvije vlade u Pri\u0161tini potpisale sporazum o izgradnji grani\u010dnog prelaza Kotlovi-Ku\u0107i\u0161te.<\/p>\n\n\n\n<p>\u010cak se i zvani\u010dno saop\u0161tavalo da je ovaj sporazum naredne godine stupio na snagu i da su tada formirane ekspertske komisije za njegovo sprovo\u0111enje. Povezivanje Murine i Pe\u0107i preko \u010cakora ostalo je, ipak, mrtvo slovo na papiru.<\/p>\n\n\n\n<p>Ostalo je i nejasno zbog \u010dega je onda&nbsp; jo\u0161 2011. godine, uz postavljanje signalizacije, izvr\u0161ena rekonstrukcija puta na crnogorskoj teritoriji.&nbsp;<\/p>\n\n\n\n<p>Koliki je zna\u010daj putne infrastrukture za ovaj kraj Crne Gore, pokazalo je otvaranje puta od Podgorice do Gusinja, koji vodi dolinom rijeke Cijevne kroz Albaniju, koji je Plav i Gusiinje pribli\u017eilo Podgorici na svega ne\u0161to vi\u0161e od sat vo\u017enje.<\/p>\n\n\n\n<p>Zato se i vjeruje da bi otvaranje puta preko planine \u010cakor i grani\u010dnog prelaza na toj planini, u ljetnjoj sezoni djelovalo isto tako pozitivno na priliv turista sa Kosova i ju\u017ene Srbije&nbsp; na podru\u010dje sve popularnijeg Nacionalnog parka Prokletije, sa svim njegovim ljepotama.<\/p>\n\n\n\n<p>Da to \u0161to je ponovo pokrenuta inicijativa ne zna\u010di i da \u0107e ne\u0161to od toga biti, govori i podatak da je istovjetnu inicijativu za otvaranje grani\u010dnog prelaza \u010cakor, i rekonstrukcije puta preko te planine do Pe\u0107i, pokrenula i vlada nekada\u0161njeg premijera Du\u0161ka Markovi\u0107a 2018. godine, kada su se zbratimili gradovi Pe\u0107 i Gusinje.<\/p>\n\n\n\n<p>I tada se moglo \u010duti mnogo argumenata koji idu u prilog otvaranja novog grani\u010dnog prelaza i zbli\u017eavanja Kosova i Crne Gore. \u0160ta se do sada \u010deka \u010deka, niko ne zna sa sigurno\u0107u da ka\u017ee.<\/p>","protected":false},"excerpt":{"rendered":"<p>Predsjednici op\u0161tina Plav i Pe\u0107 zajedni\u010dki \u0107e apelovati na crnogorske i kosovske vlasti da se \u0161to prije otvori grani\u010dni prelaz i put preko \u010cakora, koji su zatvoreni ve\u0107 vi\u0161e od dvije i po decenije.<\/p>","protected":false},"author":1,"featured_media":837290,"comment_status":"open","ping_status":"open","sticky":false,"template":"","format":"standard","meta":{"_acf_changed":false,"footnotes":"","jetpack_publicize_message":"","jetpack_publicize_feature_enabled":true,"jetpack_social_post_already_shared":false,"jetpack_social_options":{"image_generator_settings":{"template":"highway","default_image_id":0,"font":"","enabled":false},"version":2}},"categories":[9],"tags":[732,7165,844,7163,7166,2010],"naslovna":[],"class_list":["post-837289","post","type-post","status-publish","format-standard","has-post-thumbnail","hentry","category-drustvo","tag-albanija","tag-granicni-prelaz-na-cakoru","tag-mup","tag-nihad-canovic","tag-pec","tag-plav"],"acf":[],"jetpack_publicize_connections":[],"_links":{"self":[{"href":"https:\/\/gradski.me\/en\/wp-json\/wp\/v2\/posts\/837289","targetHints":{"allow":["GET"]}}],"collection":[{"href":"https:\/\/gradski.me\/en\/wp-json\/wp\/v2\/posts"}],"about":[{"href":"https:\/\/gradski.me\/en\/wp-json\/wp\/v2\/types\/post"}],"author":[{"embeddable":true,"href":"https:\/\/gradski.me\/en\/wp-json\/wp\/v2\/users\/1"}],"replies":[{"embeddable":true,"href":"https:\/\/gradski.me\/en\/wp-json\/wp\/v2\/comments?post=837289"}],"version-history":[{"count":1,"href":"https:\/\/gradski.me\/en\/wp-json\/wp\/v2\/posts\/837289\/revisions"}],"predecessor-version":[{"id":912900,"href":"https:\/\/gradski.me\/en\/wp-json\/wp\/v2\/posts\/837289\/revisions\/912900"}],"wp:featuredmedia":[{"embeddable":true,"href":"https:\/\/gradski.me\/en\/wp-json\/wp\/v2\/media\/837290"}],"wp:attachment":[{"href":"https:\/\/gradski.me\/en\/wp-json\/wp\/v2\/media?parent=837289"}],"wp:term":[{"taxonomy":"category","embeddable":true,"href":"https:\/\/gradski.me\/en\/wp-json\/wp\/v2\/categories?post=837289"},{"taxonomy":"post_tag","embeddable":true,"href":"https:\/\/gradski.me\/en\/wp-json\/wp\/v2\/tags?post=837289"},{"taxonomy":"naslovna","embeddable":true,"href":"https:\/\/gradski.me\/en\/wp-json\/wp\/v2\/naslovna?post=837289"}],"curies":[{"name":"wp","href":"https:\/\/api.w.org\/{rel}","templated":true}]}}