{"id":837232,"date":"2025-09-20T22:35:00","date_gmt":"2025-09-20T20:35:00","guid":{"rendered":"https:\/\/gradski.me\/?p=837232"},"modified":"2025-09-20T22:35:00","modified_gmt":"2025-09-20T20:35:00","slug":"cgo-institucije-cesto-pokazuju-nemoc-da-zastite-osnovne-vrijednosti","status":"publish","type":"post","link":"https:\/\/gradski.me\/en\/drustvo\/cgo-institucije-cesto-pokazuju-nemoc-da-zastite-osnovne-vrijednosti\/","title":{"rendered":"CGO: Institucije \u010desto pokazuju nemo\u0107 da za\u0161tite osnovne vrijednosti"},"content":{"rendered":"<p><\/p>\n\n\n\n<p>Asistentkinja na projektima u CGO-u <strong>Jovana Radulovi\u0107<\/strong> je u saop\u0161tenju, povodom Me\u0111unarodnog dana mira &#8211; 21. septembra, podsjetila da mir nije trajno ste\u010deno stanje, ve\u0107 rezultat stalnog djelovanja.<\/p>\n\n\n\n<p>&#8222;Ovogodi\u0161nja tema Ujedinjenin nacija \u201eDjeluj sada za miran svijet\u201c nagla\u0161ava da je od klju\u010dnog zna\u010daja da svi preduzmemo konkretne korake \u2013 od donosioca odluka i drugih dru\u0161tveno-politi\u010dkih aktera, do svakog gra\u0111anina\u201c, ka\u017ee se u saop\u0161tenju.<\/p>\n\n\n\n<p>Navodi se da, na\u017ealost, Crna Gora taj datum do\u010dekuje u atmosferi sveprisutnih izraza netrpeljivosti i govora mr\u017enje, koji se nerijetko preliva sa politi\u010dke i javne scene na svakodnevni \u017eivot gra\u0111ana i gra\u0111anki.<\/p>\n\n\n\n<p>&#8222;Jedan od skorijih primjera je nasilni prekid projekcije filma Roda na D\u017eada Film Festivalu samo zato \u0161to je film bio na albanskom jeziku. Umjesto da umjetnost i kultura budu prostor dijaloga i razumijevanja, pribjegava se radikalnim ispadima i zastra\u0161ivanju, \u010dime se uru\u0161avaju mir, demokratske vrijednosti i multietni\u010dki sklad Crne Gore\u201c, kazala je Radulovi\u0107.<\/p>\n\n\n\n<p>Ona je navela da je ova godina obilje\u017eena i raspravom o izmjenama i dopunama Zakona o javnim okupljanjima i javnim priredbama, a sa ciljem vlasti da sankcioni\u0161e odre\u0111ena okupljanja, a time i direktno ograni\u010di slobode gra\u0111ana.<\/p>\n\n\n\n<p>Radulovi\u0107 je istakla da su takva rje\u0161enja u suprotnosti sa Ustavom Crne Gore, me\u0111unarodnim obavezama dr\u017eave i evropskim standardima, \u0161to su jasno naglasili i iz UN-a, Savjeta Evrope i brojnih organizacija civilnog dru\u0161tva u Crnoj Gori.<\/p>\n\n\n\n<p>Kako je rekla, dodatno zabrinjava sada ve\u0107 izra\u017een trend veli\u010danje ratnih zlo\u010dinaca, \u0161to ima podr\u0161ku vlasti.<\/p>\n\n\n\n<p>&#8222;Takvim akcijama se omalova\u017eavaju \u017ertve, potkopava kultura sje\u0107anja i produbljuju dru\u0161tvene podjele\u201c, rekla je Radulovi\u0107.<\/p>\n\n\n\n<p>Ona je kazala da poku\u0161aji da se ulicama i spomenicima oda po\u010dast osobama povezanim s ratnim zlo\u010dinima nijesu samo uvreda za \u017ertve, ve\u0107 i direktan udar na povjerenje u institucije koje bi morale da afirmi\u0161u istinu i pravdu.<\/p>\n\n\n\n<p>Prema rije\u010dima Radulovi\u0107, sve to pokazuje ozbiljne slabosti institucija koje bi trebalo da budu garant mira, pravde i demokratije.<\/p>\n\n\n\n<p>&#8222;Umjesto da grade povjerenje i zajedni\u0161tvo, one \u010desto pokazuju nemo\u0107 i nedostatak volje da za\u0161tite osnovne vrijednosti. Ohrabruje, me\u0111utim, \u0161to brojni gra\u0111ani, organizacije i aktivisti svojim djelovanjem pokazuju spremnost da brane vrijednosti mira i demokratije\u201c, navela je Radulovi\u0107.<\/p>\n\n\n\n<p>Ona je naglasila da se mir ne gradi \u0161irenjem mr\u017enje, ograni\u010davanjem sloboda, relativizacijom ratnih zlo\u010dina, rehabilitacijom zlo\u010dinaca niti institucionalnom neodgovorno\u0161\u0107u.<\/p>\n\n\n\n<p>Radulovi\u0107 je istakla da se mir gradi otvoreno\u0161\u0107u, nemanipulativnim suo\u010davanjem s pro\u0161lo\u0161\u0107u, za\u0161titom ljudskih prava i stvaranjem prostora u kojem gra\u0111ani mogu slobodno izra\u017eavati stavove i zahtijevati odgovornost vlasti.<\/p>\n\n\n\n<p>&#8222;Zato CGO poziva donosioce odluka da obezbijede uslove za istinski demokratski dijalog, razvoj i vladavinu prava, jer je to jedini put ka odr\u017eivom miru i evropskoj budu\u0107nosti Crne Gore\u201c, ka\u017ee se u saop\u0161tenju.<\/p>\n\n\n\n<p>Me\u0111unarodni dan mira ustanovila je Generalna skup\u0161tina Ujedinjenih nacija 1981. godine, a 2001. godine je jednoglasno progla\u0161en i danom prekida vatre i nenasilja.<\/p>","protected":false},"excerpt":{"rendered":"<p>Crnogorske institucije, umjesto da grade povjerenje i zajedni\u0161tvo, \u010desto pokazuju nemo\u0107 i nedostatak volje da za\u0161tite osnovne vrijednosti, smatraju u Centru za gra\u0111ansko obrazovanje (CGO).<\/p>","protected":false},"author":1,"featured_media":830638,"comment_status":"open","ping_status":"open","sticky":false,"template":"","format":"standard","meta":{"_acf_changed":false,"footnotes":"","jetpack_publicize_message":"","jetpack_publicize_feature_enabled":true,"jetpack_social_post_already_shared":false,"jetpack_social_options":{"image_generator_settings":{"template":"highway","default_image_id":0,"font":"","enabled":false},"version":2}},"categories":[9],"tags":[798,7153],"naslovna":[],"class_list":["post-837232","post","type-post","status-publish","format-standard","has-post-thumbnail","hentry","category-drustvo","tag-cgo","tag-jovana-radulovic"],"acf":[],"jetpack_publicize_connections":[],"_links":{"self":[{"href":"https:\/\/gradski.me\/en\/wp-json\/wp\/v2\/posts\/837232","targetHints":{"allow":["GET"]}}],"collection":[{"href":"https:\/\/gradski.me\/en\/wp-json\/wp\/v2\/posts"}],"about":[{"href":"https:\/\/gradski.me\/en\/wp-json\/wp\/v2\/types\/post"}],"author":[{"embeddable":true,"href":"https:\/\/gradski.me\/en\/wp-json\/wp\/v2\/users\/1"}],"replies":[{"embeddable":true,"href":"https:\/\/gradski.me\/en\/wp-json\/wp\/v2\/comments?post=837232"}],"version-history":[{"count":0,"href":"https:\/\/gradski.me\/en\/wp-json\/wp\/v2\/posts\/837232\/revisions"}],"wp:featuredmedia":[{"embeddable":true,"href":"https:\/\/gradski.me\/en\/wp-json\/wp\/v2\/media\/830638"}],"wp:attachment":[{"href":"https:\/\/gradski.me\/en\/wp-json\/wp\/v2\/media?parent=837232"}],"wp:term":[{"taxonomy":"category","embeddable":true,"href":"https:\/\/gradski.me\/en\/wp-json\/wp\/v2\/categories?post=837232"},{"taxonomy":"post_tag","embeddable":true,"href":"https:\/\/gradski.me\/en\/wp-json\/wp\/v2\/tags?post=837232"},{"taxonomy":"naslovna","embeddable":true,"href":"https:\/\/gradski.me\/en\/wp-json\/wp\/v2\/naslovna?post=837232"}],"curies":[{"name":"wp","href":"https:\/\/api.w.org\/{rel}","templated":true}]}}