{"id":836418,"date":"2025-09-19T10:24:00","date_gmt":"2025-09-19T08:24:00","guid":{"rendered":"https:\/\/gradski.me\/?p=836418"},"modified":"2025-09-19T10:24:00","modified_gmt":"2025-09-19T08:24:00","slug":"u-budvi-uhapsen-ruski-drzavljanin-kojeg-potrazuje-moskva-zbog-prevare","status":"publish","type":"post","link":"https:\/\/gradski.me\/en\/hronika\/u-budvi-uhapsen-ruski-drzavljanin-kojeg-potrazuje-moskva-zbog-prevare\/","title":{"rendered":"U Budvi uhap\u0161en ruski dr\u017eavljanin kojeg potra\u017euje Moskva zbog prevare"},"content":{"rendered":"<p><\/p>\n\n\n\n<p>Slu\u017ebenici Sektora grani\u010dne policije u Budvi \u2013 inspektori za strance su ju\u010de izvr\u0161ili kontrolu lica i provjeru zakonitosti boravka ruskog dr\u017eavljanina A.P. (42) stalno nastanjenog u Krasnojarsku.<\/p>\n\n\n\n<p>&#8222;Provjerom kroz elektronske evidencije utvr\u0111eno je da je za licem A.P. raspisana me\u0111unarodna potjernica NCB Interpola Moskva zbog krivi\u010dnog djela visoke prevare koje je izvr\u0161ila organizovana grupa&#8220;, navode iz Uprave policije.<\/p>\n\n\n\n<p>Preduzimaju\u0107i dalje mjere i radnje slu\u017ebenici Stanice grani\u010dne policije su ovo lice doveli u prostorije Odjeljenja bezbjednosti Budva, nakon \u010dega je od strane slu\u017ebenika ovog Odjeljenja a po okon\u010danju neophodnih provjera, A.P. li\u0161en slobode i priveden sudiji za istragu.<\/p>","protected":false},"excerpt":{"rendered":"<p>Budvanska policija uhapsila je ruskog dr\u017eavljanina A.P. (42) kojeg potra\u017euje Moskva zbog krivi\u010dnog djela visoke prevare koje je izvr\u0161ila organizovana grupa.<\/p>","protected":false},"author":1,"featured_media":742538,"comment_status":"open","ping_status":"open","sticky":false,"template":"","format":"standard","meta":{"_acf_changed":false,"footnotes":"","jetpack_publicize_message":"","jetpack_publicize_feature_enabled":true,"jetpack_social_post_already_shared":false,"jetpack_social_options":{"image_generator_settings":{"template":"highway","default_image_id":0,"font":"","enabled":false},"version":2}},"categories":[10],"tags":[925,6982,109],"naslovna":[],"class_list":["post-836418","post","type-post","status-publish","format-standard","has-post-thumbnail","hentry","category-hronika","tag-budva","tag-ruski-drzavljanin","tag-uprava-policije"],"acf":[],"jetpack_publicize_connections":[],"_links":{"self":[{"href":"https:\/\/gradski.me\/en\/wp-json\/wp\/v2\/posts\/836418","targetHints":{"allow":["GET"]}}],"collection":[{"href":"https:\/\/gradski.me\/en\/wp-json\/wp\/v2\/posts"}],"about":[{"href":"https:\/\/gradski.me\/en\/wp-json\/wp\/v2\/types\/post"}],"author":[{"embeddable":true,"href":"https:\/\/gradski.me\/en\/wp-json\/wp\/v2\/users\/1"}],"replies":[{"embeddable":true,"href":"https:\/\/gradski.me\/en\/wp-json\/wp\/v2\/comments?post=836418"}],"version-history":[{"count":0,"href":"https:\/\/gradski.me\/en\/wp-json\/wp\/v2\/posts\/836418\/revisions"}],"wp:featuredmedia":[{"embeddable":true,"href":"https:\/\/gradski.me\/en\/wp-json\/wp\/v2\/media\/742538"}],"wp:attachment":[{"href":"https:\/\/gradski.me\/en\/wp-json\/wp\/v2\/media?parent=836418"}],"wp:term":[{"taxonomy":"category","embeddable":true,"href":"https:\/\/gradski.me\/en\/wp-json\/wp\/v2\/categories?post=836418"},{"taxonomy":"post_tag","embeddable":true,"href":"https:\/\/gradski.me\/en\/wp-json\/wp\/v2\/tags?post=836418"},{"taxonomy":"naslovna","embeddable":true,"href":"https:\/\/gradski.me\/en\/wp-json\/wp\/v2\/naslovna?post=836418"}],"curies":[{"name":"wp","href":"https:\/\/api.w.org\/{rel}","templated":true}]}}