{"id":834899,"date":"2025-09-16T20:21:00","date_gmt":"2025-09-16T18:21:00","guid":{"rendered":"https:\/\/gradski.me\/?p=834899"},"modified":"2025-09-16T20:21:00","modified_gmt":"2025-09-16T18:21:00","slug":"lazovic-i-na-sljedecem-okupljanju-ce-biti-iznenadjenja","status":"publish","type":"post","link":"https:\/\/gradski.me\/en\/sport\/lazovic-i-na-sljedecem-okupljanju-ce-biti-iznenadjenja\/","title":{"rendered":"Lazovi\u0107: I na sljede\u0107em okupljanju \u0107e biti iznena\u0111enja"},"content":{"rendered":"<p><\/p>\n\n\n\n<p>&#8222;Lavice&#8220; \u0107e do odlaska u njema\u010dki Trir odigrati dva me\u010da kvalifikacija za sljede\u0107e Evropsko prvenstvo, a prvi rival bi\u0107e ba\u0161 Portugal. Tim Suzane Lazovi\u0107 \u0107e 15. oktobra u Podgorici do\u010dekati selekciju sa Pirinejskog poluostrva, a tri dana kasnije u Tor\u0161avnu \u0107e gostovati Farskim Ostrvima.<\/p>\n\n\n\n<p>Najuspje\u0161nija \u017eenska crnogorska selekcija se danas okupila u glavnom gradu na po\u010detku EHF sedmice, tokom koje \u0107e, makar po rije\u010dima selektorke, u mislima biti samo oktobarski me\u010devi, a ne isku\u0161enja na velikom takmi\u010denju krajem godine.<\/p>\n\n\n\n<p>&#8222;Zadr\u017eala bih se na kvalifikacijama, jer je to prvo \u0161to dolazi, a o Svjetskom prvenstvu \u0107emo razmi\u0161ljati i spremati se kad budu pripreme. Portugal i Farska Ostrva nisu laki protivnici, bez obzira na to \u0161to smo Portugalke savladale velikom razlikom. Sigurno \u0107emo imati problema sa njima jer \u0107e se spremati striktno za nas i probati da isprave gre\u0161ke koje su tada imale&#8220;, istakla je selektorka.<\/p>\n\n\n\n<p>Lazovi\u0107eva je na pripreme pozvala \u0161est igra\u010dica koje su sa juniorskom reprezentacijom osvojile 6. mjesto na Evropskom prvenstvu u Podgorici &#8211; golmanku Teodoru Ron\u010devi\u0107, pivotkinje Kseniju Ga\u0161evi\u0107 i An\u0111elu Guberini\u0107, bekove Nataliju Leki\u0107 i Elenu Mitrovi\u0107, te krilo Miju Gruji\u0107. Poziv je upu\u0107en i lijevom krilu Meli Mehmedovi\u0107, sestri proslavljene crnogorske rukometa\u0161ice Majde Mehmedovi\u0107.<\/p>\n\n\n\n<p>&#8222;Pristupi\u0107emo pripremama ozbiljno, a nekoliko novih igra\u010dica je dobilo \u0161ansu, s obzirom na to da su u ljetnjem periodu napravile odli\u010dne rezultate. Nisu sve tu, neke \u0107e biti na sljede\u0107im okupljanjima, ali svakako smo tu da gradimo ne\u0161to novo&#8220;, poru\u010dila je Lazovi\u0107eva.<\/p>\n\n\n\n<p><img decoding=\"async\" width=\"100%\" alt=\"\" src=\"https:\/\/rtcg.me\/upload\/\/media\/2025\/8\/16\/18\/50\/101\/2261194\/resize\/2261197\/seniorke0056_599x900\" title=\"\"><em>&nbsp;(Foto: Matchlens)<\/em><\/p>\n\n\n\n<p>Kadetkinje bronzom i juniorke 6. mjestom na \u0161ampionatima Starog kontinenta su pokazale da Crna Gora ima budu\u0107nost u \u017eenskom rukometu.<\/p>\n\n\n\n<p>&#8222;Raduju me ti rezultati, ali ni\u0161ta ne nastaje preko no\u0107i. Bitno je da smo krenuli u dugoro\u010dni projekat i da gradimo ne\u0161to novo. Da li \u0107e to biti olimpijski ciklus ili \u010dak dva, vidje\u0107emo. Naravno da je te\u0161ko, ali me raduje da su mla\u0111e selekcje pokazale da u crnogorskom rukometu i te kako ima mla\u0111ih igra\u010dica na kojima bi trebalo da se gradi reprezentacija, posebno kada do\u0111e smjena generacija. Radujem se radu sa mla\u0111im igra\u010dicama i u\u010denju novih stvari&#8220;.<\/p>\n\n\n\n<p>Iako je kostur ekipe poznat, selektorka je ubije\u0111ena da \u0107e mlade dokazati da im je mjesto u reprezentaciji.<\/p>\n\n\n\n<p>&#8222;Svaka koja je tu je konkurentna da bude u timu u kvalifikacijama za Evropsko prvenstvo, lak\u0161e \u0107e im biti kada rade sa seniorskom reprezentacijom. \u017dao mi je \u0161to nismo u mogu\u0107nosti da ih vi\u0161e okupljamo od onoga \u0161to je propisano od IHF-a. Vjerujem da \u0107e i na sljede\u0107em okupljanju i pripremama za Svjetsko prvenstvo biti iznena\u0111enja i nekih novih rukometnih nada&#8220;, zaklju\u010dila je&nbsp;Lazovi\u0107eva.<\/p>\n\n\n\n<p>Osim u timu, novo ime je i u stru\u010dnom \u0161tabu &#8211; nova pomo\u0107nica selektorke je biv\u0161a rukometa\u0161ica i sada\u0161nji trener mla\u0111ih kategorija Budu\u0107nosti Milanka-Mira \u010celebi\u0107, koja je 2001. godine osvojila bronzu na Svjetskom prvenstvu u Italiji u dresu SR Jugoslavije.<\/p>","protected":false},"excerpt":{"rendered":"<p>U aprilu su crnogorske rukometa\u0161ice posljednji put bile na okupu i sa dvije rutinske pobjede nad Portugalom obezbijedile plasman na Svjetsko prvenstvo, \u010diji \u0107e doma\u0107ini od 26. novembra do 14. decembra biti Holandija i Njema\u010dka.<\/p>","protected":false},"author":1,"featured_media":655366,"comment_status":"open","ping_status":"open","sticky":false,"template":"","format":"standard","meta":{"_acf_changed":false,"footnotes":"","jetpack_publicize_message":"","jetpack_publicize_feature_enabled":true,"jetpack_social_post_already_shared":false,"jetpack_social_options":{"image_generator_settings":{"template":"highway","default_image_id":0,"font":"","enabled":false},"version":2}},"categories":[15],"tags":[6665,6666],"naslovna":[],"class_list":["post-834899","post","type-post","status-publish","format-standard","has-post-thumbnail","hentry","category-sport","tag-suzana-lazovic","tag-zenska-rukometna-repezentacija-crne-gore"],"acf":[],"jetpack_publicize_connections":[],"_links":{"self":[{"href":"https:\/\/gradski.me\/en\/wp-json\/wp\/v2\/posts\/834899","targetHints":{"allow":["GET"]}}],"collection":[{"href":"https:\/\/gradski.me\/en\/wp-json\/wp\/v2\/posts"}],"about":[{"href":"https:\/\/gradski.me\/en\/wp-json\/wp\/v2\/types\/post"}],"author":[{"embeddable":true,"href":"https:\/\/gradski.me\/en\/wp-json\/wp\/v2\/users\/1"}],"replies":[{"embeddable":true,"href":"https:\/\/gradski.me\/en\/wp-json\/wp\/v2\/comments?post=834899"}],"version-history":[{"count":0,"href":"https:\/\/gradski.me\/en\/wp-json\/wp\/v2\/posts\/834899\/revisions"}],"wp:featuredmedia":[{"embeddable":true,"href":"https:\/\/gradski.me\/en\/wp-json\/wp\/v2\/media\/655366"}],"wp:attachment":[{"href":"https:\/\/gradski.me\/en\/wp-json\/wp\/v2\/media?parent=834899"}],"wp:term":[{"taxonomy":"category","embeddable":true,"href":"https:\/\/gradski.me\/en\/wp-json\/wp\/v2\/categories?post=834899"},{"taxonomy":"post_tag","embeddable":true,"href":"https:\/\/gradski.me\/en\/wp-json\/wp\/v2\/tags?post=834899"},{"taxonomy":"naslovna","embeddable":true,"href":"https:\/\/gradski.me\/en\/wp-json\/wp\/v2\/naslovna?post=834899"}],"curies":[{"name":"wp","href":"https:\/\/api.w.org\/{rel}","templated":true}]}}